{"id":470,"date":"2023-10-30T14:43:58","date_gmt":"2023-10-30T17:43:58","guid":{"rendered":"https:\/\/tveventos.tv.br\/?p=470"},"modified":"2023-10-30T14:44:54","modified_gmt":"2023-10-30T17:44:54","slug":"expositores-levam-desfiles-inovacao-e-projetos-sociais-para-o-focus-fashion-summit-2","status":"publish","type":"post","link":"https:\/\/tveventos.tv.br\/?p=470","title":{"rendered":"Expositores levam desfiles, inova\u00e7\u00e3o e projetos sociais para o Focus Fashion Summit"},"content":{"rendered":"\n<p>A 5\u00aa edi\u00e7\u00e3o do&nbsp;<a href=\"https:\/\/www.focusfashionsummit.com.br\/\" target=\"_blank\" rel=\"noreferrer noopener\">Focus Fashion Summit<\/a>, maior evento da ind\u00fastria t\u00eaxtil de moda da Am\u00e9rica Latina, acontecer\u00e1 de 7 a 9 de novembro no Pr\u00f3 Magno Centro de Eventos, em S\u00e3o Paulo (SP), e espera receber 10 mil pessoas e mais de 120 expositores. Com isso, a expectativa \u00e9 fazer com que o evento se estabele\u00e7a como uma vitrine do que h\u00e1 de mais inovador dentro do setor t\u00eaxtil de moda.<\/p>\n\n\n\n<p>A programa\u00e7\u00e3o do evento contar\u00e1 com mais de 20 palestras, entre talks e pain\u00e9is, a partir de uma curadoria com players de renome no mercado que trar\u00e3o temas como: Intelig\u00eancia Artificial, modelo de neg\u00f3cios, marketing e conte\u00fado digital, sustentabilidade, entre outros. Entre as empresas confirmadas na grade de palestras, est\u00e3o: Grupo Meta, Renner, Epson e NuvemShop.<\/p>\n\n\n\n<p>Confira abaixo as novidades que alguns dos expositores levar\u00e3o para a feira:<\/p>\n\n\n\n<p><strong>Bonor:<\/strong>&nbsp;A f\u00e1brica de aviamentos apresentar\u00e1 novos desenvolvimentos para o mercado, que agregam as \u00faltimas tend\u00eancias do mundo da moda e inova\u00e7\u00e3o.&nbsp;<\/p>\n\n\n\n<p><strong>Brasil Bot\u00f5es:&nbsp;<\/strong>A empresa de aviamentos levar\u00e1 um preview com as inspira\u00e7\u00f5es para a cole\u00e7\u00e3o Primavera Ver\u00e3o 24\/25. Al\u00e9m disso, apresentar\u00e3o a linha Byeplastic \u2013 linha de aviamentos com rastreabilidade via blockchain, onde cada aviamento recupera o equivalente a uma sacola pl\u00e1stica por unidade, s\u00e3o feitos 100% de origem residual e provenientes de reciclagem de cooperativas e recicladoras das regi\u00f5es Sul e Sudeste.<\/p>\n\n\n\n<p><strong>Costurando o Futuro:&nbsp;<\/strong>O Projeto da Funda\u00e7\u00e3o Grupo Volkswagen, em parceria com o Instituto Focus T\u00eaxtil, tem como miss\u00e3o capacitar profissionais da moda, principalmente mulheres, para que se tornem empreendedoras de sucesso. Durante o evento, o projeto oferecer\u00e1 uma mentoria exclusiva com o estilista Walter Rodrigues e designer Agustina Comas, no stand do Instituto Focus T\u00eaxtil, patrocinado pela empresa Singer, onde 20 ex-alunos produzir\u00e3o pe\u00e7as com o reuso de tecidos, com foco no design. As pe\u00e7as ser\u00e3o vendidas em um bazar que ser\u00e1 realizado no final de Novembro, na sede do IFT.<\/p>\n\n\n\n<p><strong>Epson<\/strong>: A multinacional japonesa em impress\u00e3o e proje\u00e7\u00e3o de imagens far\u00e1 uma palestra sobre moda com Evelin Wanke, Diretora de Vendas, e o estilista Dario Mittmann seguida de um desfile em parceria com o estilista, que apresentar\u00e1 a cole\u00e7\u00e3o \u201cBlue Jeans, White T-Shirt\u201d. Durante o desfile, ser\u00e3o apresentadas 24 pe\u00e7as da nova cole\u00e7\u00e3o. As estampas das novas produ\u00e7\u00f5es foram feitas na Estamparia Criativa, espa\u00e7o da Epson dentro da Denim City S\u00e3o Paulo, no Br\u00e1s.<\/p>\n\n\n\n<p><strong>GEOvendas:&nbsp;<\/strong>Com o objetivo de simplificar o relacionamento comercial na ind\u00fastria, a empresa apresentar\u00e1 alguns softwares relacionados que impulsionar\u00e3o a facilidade do dia a dia dos parceiros de neg\u00f3cios.<\/p>\n\n\n\n<p><strong>SENAI CETIQT:&nbsp;<\/strong>O Sebrai Nacional junto com o Senai CETIQT (Centro de Tecnologia da Ind\u00fastria Qu\u00edmica e T\u00eaxtil) trazem para o Focus Fashion Summit o Inova Moda Digital, um projeto que oferece gratuitamente informa\u00e7\u00f5es especializadas e consultorias em processos produtivos e design de produto, especialmente direcionados para os micro e pequenos neg\u00f3cios de moda. Al\u00e9m disso, ter\u00e3o a oportunidade de acessar apresenta\u00e7\u00f5es de materiais e t\u00e9cnicas sustent\u00e1veis desenvolvidas por empresas t\u00eaxteis brasileiras.<\/p>\n\n\n\n<p><strong>Servi\u00e7o:<\/strong><\/p>\n\n\n\n<p><strong>Focus Fashion Summit<br><\/strong>De 07 a 09 de novembro \u2013 das 9h \u00e0s 19h<br><strong>Local:<\/strong>&nbsp;Pr\u00f3 Magno Centro de Eventos (Av. Profa. Ida Kolb, 513 &#8211; Jardim das Laranjeiras, S\u00e3o Paulo)<br><strong>Mais informa\u00e7\u00f5es:<\/strong>&nbsp;<a href=\"https:\/\/www.focusfashionsummit.com.br\/\" target=\"_blank\" rel=\"noreferrer noopener\">https:\/\/www.focusfashionsummit.com.br\/<\/a><\/p>\n\n\n\n<p><strong>Assessoria de Imprensa &#8211; Grupo Trama Reputale:<\/strong><\/p>\n\n\n\n<p><strong>E-MAIL:&nbsp;<\/strong><a href=\"mailto:imprensa.focusfashionsummit@tramaweb.com.br\" target=\"_blank\" rel=\"noreferrer noopener\">imprensa.focusfashionsummit@tramaweb.com.br<\/a><\/p>\n\n\n\n<p><strong>Luana B\u00e1rbara:&nbsp;<\/strong>(11) 93208-4222\/&nbsp;<a href=\"mailto:luana@tramaweb.com.br\" target=\"_blank\" rel=\"noreferrer noopener\">luana@tramaweb.com.br<\/a><\/p>\n\n\n\n<p><strong>Carol Rios:&nbsp;<\/strong>(11) 11 93256-2950\/&nbsp;<a href=\"mailto:crios@tramaweb.com.br\" target=\"_blank\" rel=\"noreferrer noopener\">crios@tramaweb.com.br<\/a><\/p>\n\n\n\n<p><strong>Lizandra Cardelino:&nbsp;<\/strong>(11) 95054-8560\/&nbsp;<a href=\"mailto:lizandra@tramaweb.com.br\" target=\"_blank\" rel=\"noreferrer noopener\">lizandra@tramaweb.com.br<\/a><\/p>\n","protected":false},"excerpt":{"rendered":"<p>A 5\u00aa edi\u00e7\u00e3o do&nbsp;Focus Fashion Summit, maior evento da ind\u00fastria t\u00eaxtil de moda da Am\u00e9rica Latina, acontecer\u00e1 de 7 a 9 de novembro no Pr\u00f3 Magno Centro de Eventos, em S\u00e3o Paulo (SP), e espera receber 10 mil pessoas e mais de 120 expositores. Com isso, a expectativa \u00e9 fazer com que o evento se [&hellip;]<\/p>\n","protected":false},"author":2,"featured_media":472,"comment_status":"open","ping_status":"open","sticky":false,"template":"","format":"standard","meta":{"footnotes":""},"categories":[23],"tags":[],"class_list":{"0":"post-470","1":"post","2":"type-post","3":"status-publish","4":"format-standard","5":"has-post-thumbnail","7":"category-feirasdenegocios"},"_links":{"self":[{"href":"https:\/\/tveventos.tv.br\/index.php?rest_route=\/wp\/v2\/posts\/470","targetHints":{"allow":["GET"]}}],"collection":[{"href":"https:\/\/tveventos.tv.br\/index.php?rest_route=\/wp\/v2\/posts"}],"about":[{"href":"https:\/\/tveventos.tv.br\/index.php?rest_route=\/wp\/v2\/types\/post"}],"author":[{"embeddable":true,"href":"https:\/\/tveventos.tv.br\/index.php?rest_route=\/wp\/v2\/users\/2"}],"replies":[{"embeddable":true,"href":"https:\/\/tveventos.tv.br\/index.php?rest_route=%2Fwp%2Fv2%2Fcomments&post=470"}],"version-history":[{"count":1,"href":"https:\/\/tveventos.tv.br\/index.php?rest_route=\/wp\/v2\/posts\/470\/revisions"}],"predecessor-version":[{"id":473,"href":"https:\/\/tveventos.tv.br\/index.php?rest_route=\/wp\/v2\/posts\/470\/revisions\/473"}],"wp:featuredmedia":[{"embeddable":true,"href":"https:\/\/tveventos.tv.br\/index.php?rest_route=\/wp\/v2\/media\/472"}],"wp:attachment":[{"href":"https:\/\/tveventos.tv.br\/index.php?rest_route=%2Fwp%2Fv2%2Fmedia&parent=470"}],"wp:term":[{"taxonomy":"category","embeddable":true,"href":"https:\/\/tveventos.tv.br\/index.php?rest_route=%2Fwp%2Fv2%2Fcategories&post=470"},{"taxonomy":"post_tag","embeddable":true,"href":"https:\/\/tveventos.tv.br\/index.php?rest_route=%2Fwp%2Fv2%2Ftags&post=470"}],"curies":[{"name":"wp","href":"https:\/\/api.w.org\/{rel}","templated":true}]}}