{"id":4700,"date":"2025-06-02T14:06:17","date_gmt":"2025-06-02T17:06:17","guid":{"rendered":"https:\/\/tveventos.tv.br\/?p=4700"},"modified":"2025-06-02T14:06:18","modified_gmt":"2025-06-02T17:06:18","slug":"expo-construcao-offsite-2","status":"publish","type":"post","link":"https:\/\/tveventos.tv.br\/?p=4700","title":{"rendered":"EXPO CONSTRU\u00c7\u00c3O OFFSITE"},"content":{"rendered":"\n<p>A Expo Constru\u00e7\u00e3o Offsite \u00e9 a maior Exposi\u00e7\u00e3o de Constru\u00e7\u00e3o Modular Offsite da Am\u00e9rica Latina. Descubra a Inova\u00e7\u00e3o na Constru\u00e7\u00e3o Modular Offsite Bem-vindo \u00e0 maior exposi\u00e7\u00e3o de Constru\u00e7\u00e3o Modular Offsite da Am\u00e9rica Latina, um evento que re\u00fane os principais players, inovadores e especialistas do setor.<\/p>\n\n\n\n<p>Voc\u00ea ter\u00e1 a oportunidade \u00fanica de explorar as mais recentes tecnologias, metodologias e tend\u00eancias que est\u00e3o moldando o futuro da constru\u00e7\u00e3o.<\/p>\n\n\n\n<p>\u200bPor que Participar? Esta exposi\u00e7\u00e3o \u00e9 um ponto de encontro essencial para quem busca entender e adotar pr\u00e1ticas construtivas mais eficientes e sustent\u00e1veis. Com uma programa\u00e7\u00e3o repleta de palestras e demonstra\u00e7\u00f5es ao vivo, voc\u00ea poder\u00e1 mergulhar em uma imers\u00e3o completa no universo da constru\u00e7\u00e3o modular, onde cada m\u00f3dulo \u00e9 projetado e fabricado fora do canteiro de obras, reduzindo o tempo, custos e impactos ambientais.<\/p>\n\n\n\n<p>O que Esperar?<\/p>\n\n\n\n<ul class=\"wp-block-list\">\n<li>Inova\u00e7\u00f5es em Destaque: Conhe\u00e7a as solu\u00e7\u00f5es tecnol\u00f3gicas mais avan\u00e7adas em constru\u00e7\u00e3o modular offsite, apresentadas por empresas l\u00edderes da ind\u00fastria.<\/li>\n<\/ul>\n\n\n\n<ul class=\"wp-block-list\">\n<li>Redes de Contatos: Amplie sua rede de contatos ao interagir com profissionais de diversas \u00e1reas, desde engenheiros e arquitetos at\u00e9 investidores e desenvolvedores imobili\u00e1rios.<\/li>\n<\/ul>\n\n\n\n<ul class=\"wp-block-list\">\n<li>Palestrantes de Renome: Assista a palestras de especialistas reconhecidos no mercado da constru\u00e7\u00e3o offsite, que compartilhar\u00e3o insights valiosos sobre o futuro da constru\u00e7\u00e3o modular.<\/li>\n<\/ul>\n\n\n\n<ul class=\"wp-block-list\">\n<li>Demonstra\u00e7\u00f5es ao Vivo: Veja de perto como a constru\u00e7\u00e3o modular pode transformar a ind\u00fastria da constru\u00e7\u00e3o civil com efici\u00eancia e precis\u00e3o.<\/li>\n<\/ul>\n\n\n\n<p>A Revolu\u00e7\u00e3o da Constru\u00e7\u00e3o Modular A constru\u00e7\u00e3o modular offsite est\u00e1 revolucionando o setor da constru\u00e7\u00e3o civil, permitindo projetos mais r\u00e1pidos, seguros e sustent\u00e1veis. Se voc\u00ea deseja estar \u00e0 frente das tend\u00eancias e conhecer as melhores pr\u00e1ticas da ind\u00fastria, este \u00e9 o evento imperd\u00edvel do ano.<\/p>\n\n\n\n<p>Junte-se a n\u00f3s nos dias 03 a 06 de junho, das 13h \u00e0s 20h no Samb\u00f3dromo do Anhembi<\/p>\n\n\n\n<p>Endere\u00e7o: Avenida Olavo Fontoura, N\u00b0 1. 209\/Santana, S\u00e3o Paulo, SP, 02012-021<br><\/p>\n","protected":false},"excerpt":{"rendered":"<p>A Expo Constru\u00e7\u00e3o Offsite \u00e9 a maior Exposi\u00e7\u00e3o de Constru\u00e7\u00e3o Modular Offsite da Am\u00e9rica Latina. Descubra a Inova\u00e7\u00e3o na Constru\u00e7\u00e3o Modular Offsite Bem-vindo \u00e0 maior exposi\u00e7\u00e3o de Constru\u00e7\u00e3o Modular Offsite da Am\u00e9rica Latina, um evento que re\u00fane os principais players, inovadores e especialistas do setor. Voc\u00ea ter\u00e1 a oportunidade \u00fanica de explorar as mais recentes [&hellip;]<\/p>\n","protected":false},"author":3,"featured_media":4701,"comment_status":"open","ping_status":"open","sticky":false,"template":"","format":"standard","meta":{"footnotes":""},"categories":[25],"tags":[],"class_list":{"0":"post-4700","1":"post","2":"type-post","3":"status-publish","4":"format-standard","5":"has-post-thumbnail","7":"category-calendariodeeventos"},"_links":{"self":[{"href":"https:\/\/tveventos.tv.br\/index.php?rest_route=\/wp\/v2\/posts\/4700","targetHints":{"allow":["GET"]}}],"collection":[{"href":"https:\/\/tveventos.tv.br\/index.php?rest_route=\/wp\/v2\/posts"}],"about":[{"href":"https:\/\/tveventos.tv.br\/index.php?rest_route=\/wp\/v2\/types\/post"}],"author":[{"embeddable":true,"href":"https:\/\/tveventos.tv.br\/index.php?rest_route=\/wp\/v2\/users\/3"}],"replies":[{"embeddable":true,"href":"https:\/\/tveventos.tv.br\/index.php?rest_route=%2Fwp%2Fv2%2Fcomments&post=4700"}],"version-history":[{"count":1,"href":"https:\/\/tveventos.tv.br\/index.php?rest_route=\/wp\/v2\/posts\/4700\/revisions"}],"predecessor-version":[{"id":4702,"href":"https:\/\/tveventos.tv.br\/index.php?rest_route=\/wp\/v2\/posts\/4700\/revisions\/4702"}],"wp:featuredmedia":[{"embeddable":true,"href":"https:\/\/tveventos.tv.br\/index.php?rest_route=\/wp\/v2\/media\/4701"}],"wp:attachment":[{"href":"https:\/\/tveventos.tv.br\/index.php?rest_route=%2Fwp%2Fv2%2Fmedia&parent=4700"}],"wp:term":[{"taxonomy":"category","embeddable":true,"href":"https:\/\/tveventos.tv.br\/index.php?rest_route=%2Fwp%2Fv2%2Fcategories&post=4700"},{"taxonomy":"post_tag","embeddable":true,"href":"https:\/\/tveventos.tv.br\/index.php?rest_route=%2Fwp%2Fv2%2Ftags&post=4700"}],"curies":[{"name":"wp","href":"https:\/\/api.w.org\/{rel}","templated":true}]}}