{"id":4703,"date":"2025-06-02T14:16:53","date_gmt":"2025-06-02T17:16:53","guid":{"rendered":"https:\/\/tveventos.tv.br\/?p=4703"},"modified":"2025-06-02T14:16:54","modified_gmt":"2025-06-02T17:16:54","slug":"rh-summit","status":"publish","type":"post","link":"https:\/\/tveventos.tv.br\/?p=4703","title":{"rendered":"RH SUMMIT"},"content":{"rendered":"\n<p>O RH Summit 2025 \u00e9 um dos maiores eventos de Recursos Humanos do Brasil, reunindo profissionais, l\u00edderes e especialistas para discutir as tend\u00eancias e inova\u00e7\u00f5es que est\u00e3o moldando o futuro da gest\u00e3o de pessoas. Realizado nos dias 3 e 4 de junho no Expo Center Norte, em S\u00e3o Paulo, o evento oferece uma experi\u00eancia imersiva com palestras, debates e workshops que abordam temas como intelig\u00eancia artificial no RH, cultura organizacional, lideran\u00e7a e bem-estar dos colaboradores.<\/p>\n\n\n\n<p>Durante os dois dias de evento, os participantes t\u00eam a oportunidade de aprender com mais de 150 especialistas do mercado, que compartilham pr\u00e1ticas e estrat\u00e9gias para transformar a gest\u00e3o de talentos nas empresas. Al\u00e9m disso, o RH Summit promove um ambiente prop\u00edcio para networking, permitindo que os profissionais estabele\u00e7am conex\u00f5es valiosas e troquem experi\u00eancias com colegas da \u00e1rea.<\/p>\n\n\n\n<p>Com uma programa\u00e7\u00e3o diversificada e conte\u00fado relevante, o RH Summit 2025 se consolida como um ponto de encontro essencial para quem busca se atualizar e liderar as mudan\u00e7as no campo dos Recursos Humanos.<\/p>\n\n\n\n<p>Junte-se a n\u00f3s nos dias 03 a 04 de junho, das 08h \u00e0s 17h no Expo Center Norte<\/p>\n\n\n\n<p>Endere\u00e7o: Rua Jos\u00e9 Bernardo Pinto 333, S\u00e3o Paulo, SP, 02055-000\u00a0<br><\/p>\n","protected":false},"excerpt":{"rendered":"<p>O RH Summit 2025 \u00e9 um dos maiores eventos de Recursos Humanos do Brasil, reunindo profissionais, l\u00edderes e especialistas para discutir as tend\u00eancias e inova\u00e7\u00f5es que est\u00e3o moldando o futuro da gest\u00e3o de pessoas. Realizado nos dias 3 e 4 de junho no Expo Center Norte, em S\u00e3o Paulo, o evento oferece uma experi\u00eancia imersiva [&hellip;]<\/p>\n","protected":false},"author":3,"featured_media":4704,"comment_status":"open","ping_status":"open","sticky":false,"template":"","format":"standard","meta":{"footnotes":""},"categories":[25],"tags":[],"class_list":{"0":"post-4703","1":"post","2":"type-post","3":"status-publish","4":"format-standard","5":"has-post-thumbnail","7":"category-calendariodeeventos"},"_links":{"self":[{"href":"https:\/\/tveventos.tv.br\/index.php?rest_route=\/wp\/v2\/posts\/4703","targetHints":{"allow":["GET"]}}],"collection":[{"href":"https:\/\/tveventos.tv.br\/index.php?rest_route=\/wp\/v2\/posts"}],"about":[{"href":"https:\/\/tveventos.tv.br\/index.php?rest_route=\/wp\/v2\/types\/post"}],"author":[{"embeddable":true,"href":"https:\/\/tveventos.tv.br\/index.php?rest_route=\/wp\/v2\/users\/3"}],"replies":[{"embeddable":true,"href":"https:\/\/tveventos.tv.br\/index.php?rest_route=%2Fwp%2Fv2%2Fcomments&post=4703"}],"version-history":[{"count":1,"href":"https:\/\/tveventos.tv.br\/index.php?rest_route=\/wp\/v2\/posts\/4703\/revisions"}],"predecessor-version":[{"id":4705,"href":"https:\/\/tveventos.tv.br\/index.php?rest_route=\/wp\/v2\/posts\/4703\/revisions\/4705"}],"wp:featuredmedia":[{"embeddable":true,"href":"https:\/\/tveventos.tv.br\/index.php?rest_route=\/wp\/v2\/media\/4704"}],"wp:attachment":[{"href":"https:\/\/tveventos.tv.br\/index.php?rest_route=%2Fwp%2Fv2%2Fmedia&parent=4703"}],"wp:term":[{"taxonomy":"category","embeddable":true,"href":"https:\/\/tveventos.tv.br\/index.php?rest_route=%2Fwp%2Fv2%2Fcategories&post=4703"},{"taxonomy":"post_tag","embeddable":true,"href":"https:\/\/tveventos.tv.br\/index.php?rest_route=%2Fwp%2Fv2%2Ftags&post=4703"}],"curies":[{"name":"wp","href":"https:\/\/api.w.org\/{rel}","templated":true}]}}