{"id":4706,"date":"2025-06-02T14:23:31","date_gmt":"2025-06-02T17:23:31","guid":{"rendered":"https:\/\/tveventos.tv.br\/?p=4706"},"modified":"2025-06-02T14:23:32","modified_gmt":"2025-06-02T17:23:32","slug":"and-tech","status":"publish","type":"post","link":"https:\/\/tveventos.tv.br\/?p=4706","title":{"rendered":"AND TECH"},"content":{"rendered":"\n<p>O AND Tech 2025 \u00e9 um evento nacional de tecnologia e mobilidade que acontecer\u00e1 nos dias 4 e 5 de junho no Centro de Conven\u00e7\u00f5es do Distrito Anhembi, em S\u00e3o Paulo. Organizado pela Associa\u00e7\u00e3o Nacional dos Detrans (AND) em parceria com o Detran-SP, o evento reunir\u00e1, pela primeira vez, todos os Departamentos Estaduais de Tr\u00e2nsito do Brasil, juntamente com autoridades, especialistas e empresas focadas em inova\u00e7\u00e3o.<a href=\"https:\/\/distritoanhembi.com.br\/events\/and-tech-2025\/?utm_source=chatgpt.com\">&nbsp;<\/a><\/p>\n\n\n\n<p>Durante os dois dias de imers\u00e3o, o AND Tech 2025 servir\u00e1 como palco para a apresenta\u00e7\u00e3o de sistemas e inova\u00e7\u00f5es voltadas \u00e0 digitaliza\u00e7\u00e3o de processos e \u00e0 agiliza\u00e7\u00e3o da troca de informa\u00e7\u00f5es entre os \u00f3rg\u00e3os de tr\u00e2nsito dos 27 estados brasileiros. O foco estar\u00e1 em intelig\u00eancia artificial, digitaliza\u00e7\u00e3o de servi\u00e7os e an\u00e1lise de dados, demonstrando como a tecnologia pode tornar o tr\u00e2nsito mais seguro, eficiente e inovador.<a href=\"https:\/\/distritoanhembi.com.br\/en\/events\/and-tech-2025-2\/?utm_source=chatgpt.com\">&nbsp;<\/a><\/p>\n\n\n\n<p>O evento contar\u00e1 com debates, palestras e demonstra\u00e7\u00f5es que mostrar\u00e3o o que h\u00e1 de mais avan\u00e7ado no setor, promovendo a integra\u00e7\u00e3o e o compartilhamento de conhecimentos entre os participantes. Com isso, o AND Tech 2025 busca transformar a forma como os Detrans e o setor de mobilidade se conectam e fazem uso da tecnologia.<\/p>\n\n\n\n<p>Junte-se a n\u00f3s nos dias 04 a 05 de Junho, das 08h \u00e0s 18h no Distrito Anhembi<\/p>\n\n\n\n<p>Endere\u00e7o: Avenida Olavo Fontoura, N\u00b0 1. 209\/Santana, S\u00e3o Paulo, SP, 02012-021<br>\u00a0<br><\/p>\n","protected":false},"excerpt":{"rendered":"<p>O AND Tech 2025 \u00e9 um evento nacional de tecnologia e mobilidade que acontecer\u00e1 nos dias 4 e 5 de junho no Centro de Conven\u00e7\u00f5es do Distrito Anhembi, em S\u00e3o Paulo. Organizado pela Associa\u00e7\u00e3o Nacional dos Detrans (AND) em parceria com o Detran-SP, o evento reunir\u00e1, pela primeira vez, todos os Departamentos Estaduais de Tr\u00e2nsito [&hellip;]<\/p>\n","protected":false},"author":3,"featured_media":4707,"comment_status":"open","ping_status":"open","sticky":false,"template":"","format":"standard","meta":{"footnotes":""},"categories":[25],"tags":[],"class_list":{"0":"post-4706","1":"post","2":"type-post","3":"status-publish","4":"format-standard","5":"has-post-thumbnail","7":"category-calendariodeeventos"},"_links":{"self":[{"href":"https:\/\/tveventos.tv.br\/index.php?rest_route=\/wp\/v2\/posts\/4706","targetHints":{"allow":["GET"]}}],"collection":[{"href":"https:\/\/tveventos.tv.br\/index.php?rest_route=\/wp\/v2\/posts"}],"about":[{"href":"https:\/\/tveventos.tv.br\/index.php?rest_route=\/wp\/v2\/types\/post"}],"author":[{"embeddable":true,"href":"https:\/\/tveventos.tv.br\/index.php?rest_route=\/wp\/v2\/users\/3"}],"replies":[{"embeddable":true,"href":"https:\/\/tveventos.tv.br\/index.php?rest_route=%2Fwp%2Fv2%2Fcomments&post=4706"}],"version-history":[{"count":1,"href":"https:\/\/tveventos.tv.br\/index.php?rest_route=\/wp\/v2\/posts\/4706\/revisions"}],"predecessor-version":[{"id":4708,"href":"https:\/\/tveventos.tv.br\/index.php?rest_route=\/wp\/v2\/posts\/4706\/revisions\/4708"}],"wp:featuredmedia":[{"embeddable":true,"href":"https:\/\/tveventos.tv.br\/index.php?rest_route=\/wp\/v2\/media\/4707"}],"wp:attachment":[{"href":"https:\/\/tveventos.tv.br\/index.php?rest_route=%2Fwp%2Fv2%2Fmedia&parent=4706"}],"wp:term":[{"taxonomy":"category","embeddable":true,"href":"https:\/\/tveventos.tv.br\/index.php?rest_route=%2Fwp%2Fv2%2Fcategories&post=4706"},{"taxonomy":"post_tag","embeddable":true,"href":"https:\/\/tveventos.tv.br\/index.php?rest_route=%2Fwp%2Fv2%2Ftags&post=4706"}],"curies":[{"name":"wp","href":"https:\/\/api.w.org\/{rel}","templated":true}]}}