{"id":4709,"date":"2025-06-02T14:38:43","date_gmt":"2025-06-02T17:38:43","guid":{"rendered":"https:\/\/tveventos.tv.br\/?p=4709"},"modified":"2025-06-02T14:38:45","modified_gmt":"2025-06-02T17:38:45","slug":"ebs-2025","status":"publish","type":"post","link":"https:\/\/tveventos.tv.br\/?p=4709","title":{"rendered":"EBS 2025"},"content":{"rendered":"\n<p>A Feira EBS 2025, tamb\u00e9m conhecida como Evento Business Show, \u00e9 um dos principais encontros do Brasil voltados ao setor de eventos corporativos, incentivos, congressos, feiras e treinamentos. A 23\u00aa edi\u00e7\u00e3o do evento ocorrer\u00e1 nos dias 4 e 5 de junho de 2025 no Centro de Conven\u00e7\u00f5es Rebou\u00e7as, em S\u00e3o Paulo .<\/p>\n\n\n\n<p>Este evento re\u00fane toda a cadeia produtiva do setor MICE (Meetings, Incentives, Conferences and Exhibitions) e de Treinamento e Desenvolvimento (T&amp;D), proporcionando um ambiente prop\u00edcio para networking, troca de conhecimentos e gera\u00e7\u00e3o de neg\u00f3cios. Durante os dois dias, os participantes ter\u00e3o acesso a uma ampla exposi\u00e7\u00e3o de fornecedores, congressos com conte\u00fado relevante e rodadas de neg\u00f3cios que visam conectar empresas e profissionais do setor .<\/p>\n\n\n\n<p>A Feira EBS \u00e9 uma oportunidade \u00fanica para profissionais que atuam na organiza\u00e7\u00e3o de eventos, recursos humanos, marketing e \u00e1reas relacionadas, pois oferece insights sobre as \u00faltimas tend\u00eancias, tecnologias e solu\u00e7\u00f5es dispon\u00edveis no mercado. Al\u00e9m disso, o evento \u00e9 uma plataforma para o lan\u00e7amento de novos produtos e servi\u00e7os, fortalecendo o ecossistema de eventos corporativos no pa\u00eds.<\/p>\n\n\n\n<p>Para mais informa\u00e7\u00f5es sobre a programa\u00e7\u00e3o e inscri\u00e7\u00f5es, \u00e9 recomend\u00e1vel visitar o site oficial da Feira EBS.<\/p>\n\n\n\n<p>Junte-se a n\u00f3s nos dias 04 a 05 de junho, das 13h30 \u00e0s 19h no Centro de Conven\u00e7\u00f5es Rebou\u00e7as <\/p>\n\n\n\n<p>Endere\u00e7o: Av Rebou\u00e7as 600, S\u00e3o Paulo, SP, 05402-000<br><\/p>\n","protected":false},"excerpt":{"rendered":"<p>A Feira EBS 2025, tamb\u00e9m conhecida como Evento Business Show, \u00e9 um dos principais encontros do Brasil voltados ao setor de eventos corporativos, incentivos, congressos, feiras e treinamentos. A 23\u00aa edi\u00e7\u00e3o do evento ocorrer\u00e1 nos dias 4 e 5 de junho de 2025 no Centro de Conven\u00e7\u00f5es Rebou\u00e7as, em S\u00e3o Paulo . Este evento re\u00fane [&hellip;]<\/p>\n","protected":false},"author":3,"featured_media":4710,"comment_status":"open","ping_status":"open","sticky":false,"template":"","format":"standard","meta":{"footnotes":""},"categories":[25],"tags":[],"class_list":{"0":"post-4709","1":"post","2":"type-post","3":"status-publish","4":"format-standard","5":"has-post-thumbnail","7":"category-calendariodeeventos"},"_links":{"self":[{"href":"https:\/\/tveventos.tv.br\/index.php?rest_route=\/wp\/v2\/posts\/4709","targetHints":{"allow":["GET"]}}],"collection":[{"href":"https:\/\/tveventos.tv.br\/index.php?rest_route=\/wp\/v2\/posts"}],"about":[{"href":"https:\/\/tveventos.tv.br\/index.php?rest_route=\/wp\/v2\/types\/post"}],"author":[{"embeddable":true,"href":"https:\/\/tveventos.tv.br\/index.php?rest_route=\/wp\/v2\/users\/3"}],"replies":[{"embeddable":true,"href":"https:\/\/tveventos.tv.br\/index.php?rest_route=%2Fwp%2Fv2%2Fcomments&post=4709"}],"version-history":[{"count":1,"href":"https:\/\/tveventos.tv.br\/index.php?rest_route=\/wp\/v2\/posts\/4709\/revisions"}],"predecessor-version":[{"id":4711,"href":"https:\/\/tveventos.tv.br\/index.php?rest_route=\/wp\/v2\/posts\/4709\/revisions\/4711"}],"wp:featuredmedia":[{"embeddable":true,"href":"https:\/\/tveventos.tv.br\/index.php?rest_route=\/wp\/v2\/media\/4710"}],"wp:attachment":[{"href":"https:\/\/tveventos.tv.br\/index.php?rest_route=%2Fwp%2Fv2%2Fmedia&parent=4709"}],"wp:term":[{"taxonomy":"category","embeddable":true,"href":"https:\/\/tveventos.tv.br\/index.php?rest_route=%2Fwp%2Fv2%2Fcategories&post=4709"},{"taxonomy":"post_tag","embeddable":true,"href":"https:\/\/tveventos.tv.br\/index.php?rest_route=%2Fwp%2Fv2%2Ftags&post=4709"}],"curies":[{"name":"wp","href":"https:\/\/api.w.org\/{rel}","templated":true}]}}