{"id":4716,"date":"2025-06-03T15:34:08","date_gmt":"2025-06-03T18:34:08","guid":{"rendered":"https:\/\/tveventos.tv.br\/?p=4716"},"modified":"2025-06-03T15:34:09","modified_gmt":"2025-06-03T18:34:09","slug":"congresso-de-pratica-ortomolecular","status":"publish","type":"post","link":"https:\/\/tveventos.tv.br\/?p=4716","title":{"rendered":"CONGRESSO DE PR\u00c1TICA ORTOMOLECULAR"},"content":{"rendered":"\n<p>O 36\u00ba Congresso Internacional de Pr\u00e1tica Ortomolecular \u00e9 um dos eventos mais importantes da \u00e1rea de sa\u00fade integrativa e ser\u00e1 realizado entre os dias 5 e 7 de junho de 2025, no Centro de Conven\u00e7\u00f5es Frei Caneca, em S\u00e3o Paulo. Organizado pela Fapes Sa\u00fade com o apoio da AMBO (Associa\u00e7\u00e3o M\u00e9dica Brasileira de Pr\u00e1tica Ortomolecular), o congresso chega \u00e0 sua 36\u00aa edi\u00e7\u00e3o consolidado como refer\u00eancia nacional e internacional.&nbsp;<\/p>\n\n\n\n<p>O evento contar\u00e1 com mais de 65 palestrantes renomados, abordando temas atuais e relevantes como nutrigen\u00f4mica, envelhecimento saud\u00e1vel, medicina personalizada, fitoterapia, nutri\u00e7\u00e3o esportiva e biohacking. Al\u00e9m do congresso principal, haver\u00e1 eventos simult\u00e2neos, como o 18\u00ba Congresso de Envelhecimento Saud\u00e1vel e Medicina Personalizada, o 10\u00ba Congresso Latino-Americano de Nutrigen\u00f4mica Cl\u00ednica e Ortomolecular, o 9\u00ba F\u00f3rum de Fitoterapia Aplicada, o 8\u00ba Simp\u00f3sio Brasileiro de Nutri\u00e7\u00e3o e Exerc\u00edcio F\u00edsico e o 5\u00ba Congresso de Medicina Esportiva Integrativa.&nbsp;<\/p>\n\n\n\n<p>A programa\u00e7\u00e3o inclui palestras sobre temas como o rel\u00f3gio epigen\u00e9tico, horm\u00f4nios e pept\u00eddeos no envelhecimento, sa\u00fade vascular feminina, decl\u00ednio cognitivo, biohacking, incretinas e obesidade, TDAH, neurotransmissores e catabolismo. O congresso \u00e9 presidido pelo Dr. Efrain Olszewer, pioneiro da pr\u00e1tica ortomolecular no Brasil e autor de mais de 95 livros na \u00e1rea.&nbsp;<\/p>\n\n\n\n<p>O evento oferece uma oportunidade \u00fanica para profissionais da sa\u00fade se atualizarem, trocarem experi\u00eancias e ampliarem sua rede de contatos. As inscri\u00e7\u00f5es podem ser feitas pelo site oficial do congresso, onde tamb\u00e9m est\u00e3o dispon\u00edveis informa\u00e7\u00f5es sobre hospedagem com tarifas especiais e a programa\u00e7\u00e3o completa.<\/p>\n\n\n\n<p>Junte-se a n\u00f3s nos dias 05 a 07 de junho, das 9h \u00e0s 18h30h no Frei Caneca<\/p>\n\n\n\n<p>Endere\u00e7o: Rua Frei Caneca 569, S\u00e3o Paulo, SP, 01307-001<br><\/p>\n","protected":false},"excerpt":{"rendered":"<p>O 36\u00ba Congresso Internacional de Pr\u00e1tica Ortomolecular \u00e9 um dos eventos mais importantes da \u00e1rea de sa\u00fade integrativa e ser\u00e1 realizado entre os dias 5 e 7 de junho de 2025, no Centro de Conven\u00e7\u00f5es Frei Caneca, em S\u00e3o Paulo. Organizado pela Fapes Sa\u00fade com o apoio da AMBO (Associa\u00e7\u00e3o M\u00e9dica Brasileira de Pr\u00e1tica Ortomolecular), [&hellip;]<\/p>\n","protected":false},"author":3,"featured_media":4717,"comment_status":"open","ping_status":"open","sticky":false,"template":"","format":"standard","meta":{"footnotes":""},"categories":[25],"tags":[],"class_list":{"0":"post-4716","1":"post","2":"type-post","3":"status-publish","4":"format-standard","5":"has-post-thumbnail","7":"category-calendariodeeventos"},"_links":{"self":[{"href":"https:\/\/tveventos.tv.br\/index.php?rest_route=\/wp\/v2\/posts\/4716","targetHints":{"allow":["GET"]}}],"collection":[{"href":"https:\/\/tveventos.tv.br\/index.php?rest_route=\/wp\/v2\/posts"}],"about":[{"href":"https:\/\/tveventos.tv.br\/index.php?rest_route=\/wp\/v2\/types\/post"}],"author":[{"embeddable":true,"href":"https:\/\/tveventos.tv.br\/index.php?rest_route=\/wp\/v2\/users\/3"}],"replies":[{"embeddable":true,"href":"https:\/\/tveventos.tv.br\/index.php?rest_route=%2Fwp%2Fv2%2Fcomments&post=4716"}],"version-history":[{"count":1,"href":"https:\/\/tveventos.tv.br\/index.php?rest_route=\/wp\/v2\/posts\/4716\/revisions"}],"predecessor-version":[{"id":4718,"href":"https:\/\/tveventos.tv.br\/index.php?rest_route=\/wp\/v2\/posts\/4716\/revisions\/4718"}],"wp:featuredmedia":[{"embeddable":true,"href":"https:\/\/tveventos.tv.br\/index.php?rest_route=\/wp\/v2\/media\/4717"}],"wp:attachment":[{"href":"https:\/\/tveventos.tv.br\/index.php?rest_route=%2Fwp%2Fv2%2Fmedia&parent=4716"}],"wp:term":[{"taxonomy":"category","embeddable":true,"href":"https:\/\/tveventos.tv.br\/index.php?rest_route=%2Fwp%2Fv2%2Fcategories&post=4716"},{"taxonomy":"post_tag","embeddable":true,"href":"https:\/\/tveventos.tv.br\/index.php?rest_route=%2Fwp%2Fv2%2Ftags&post=4716"}],"curies":[{"name":"wp","href":"https:\/\/api.w.org\/{rel}","templated":true}]}}