{"id":4719,"date":"2025-06-03T18:00:26","date_gmt":"2025-06-03T21:00:26","guid":{"rendered":"https:\/\/tveventos.tv.br\/?p=4719"},"modified":"2025-06-03T18:00:27","modified_gmt":"2025-06-03T21:00:27","slug":"com-foco-em-inovacao-e-lideranca-vtex-day-2025-discute-tendencias-do-comercio-digital-diante-de-publico-recorde","status":"publish","type":"post","link":"https:\/\/tveventos.tv.br\/?p=4719","title":{"rendered":"Com foco em inova\u00e7\u00e3o e lideran\u00e7a, VTEX DAY 2025 discute tend\u00eancias do com\u00e9rcio digital diante de p\u00fablico recorde"},"content":{"rendered":"\n<p><strong><em>S\u00e3o Paulo, 03 de junho de 2025<\/em><\/strong><em>&nbsp;<\/em>\u2013 Com ingressos esgotados dez dias antes da abertura dos port\u00f5es, o VTEX DAY 2025 come\u00e7ou nesta segunda-feira (2), no S\u00e3o Paulo Expo, consolidando-se como o maior evento de digital commerce do mundo.&nbsp; Durante a abertura para imprensa, os principais executivos da companhia apresentaram a vis\u00e3o estrat\u00e9gica do neg\u00f3cio, os resultados mais recentes e as principais novidades da edi\u00e7\u00e3o VTEX DAY 2025. Participaram da conversa Mariano Gomide, Fundador e Co-CEO da VTEX, Geraldo Thomaz, tamb\u00e9m Fundador e Co-CEO da VTEX, Rafaela Rezende, General Manager da VTEX no Brasil, e Santiago Naranjo, Chief Revenue Officer da VTEX<\/p>\n\n\n\n<p>\u201cUma das nossas bandeiras \u00e9 o \u2018Engineering Brazil\u2019, a engenharia nacional sendo a ess\u00eancia do nosso trabalho e a prova que o Brasil hoje j\u00e1 exporta tecnologia, n\u00e3o apenas commodities\u201d, afirmou Mariano Gomide, destacando a expans\u00e3o global da VTEX (hoje presente em 43 pa\u00edses), al\u00e9m da evolu\u00e7\u00e3o tecnol\u00f3gica da companhia. O executivo refor\u00e7ou o papel da empresa como um ecossistema completo e&nbsp;<em>composable&nbsp;<\/em>de solu\u00e7\u00f5es tanto para o varejo como para a ind\u00fastria, com foco em produtividade e efici\u00eancia a clientes globais. Em suas palavras, a VTEX n\u00e3o \u00e9 apenas uma plataforma, mas a espinha dorsal do com\u00e9rcio conectado &#8211; ou seja, uma estrutura desenhada para escalar grandes opera\u00e7\u00f5es com intelig\u00eancia e consist\u00eancia.<br><br>J\u00e1 o tamb\u00e9m fundador e Co-CEO, Geraldo Thomaz, relembrou a trajet\u00f3ria da VTEX, que completa 25 anos em 2025, e sua ambi\u00e7\u00e3o de levar tecnologia brasileira ao mundo. Ressaltou a transforma\u00e7\u00e3o do com\u00e9rcio digital na \u00faltima d\u00e9cada e apontou os pr\u00f3ximos passos para o setor, impulsionados por intelig\u00eancia artificial, automa\u00e7\u00e3o e dados. Foram apresentados novos recursos e produtos que estreiam durante o evento, como o B2B Buyer Portal, a nova Busca Sem\u00e2ntica com IA, solu\u00e7\u00f5es de Retail Media e o FastStore Content Assistant. Para Geraldo, a VTEX segue comprometida com a entrega de valor real, mantendo-se pr\u00f3xima das dores e ambi\u00e7\u00f5es de seus clientes.\u201cO varejista n\u00e3o pode se dar ao luxo de ancorar. O motor precisa ficar ligado durante a tempestade\u201d, disse o executivo ao refletir sobre os desafios da macroeconomia e o impacto no varejo.<\/p>\n\n\n\n<p>Rafaela Rezende, General Manager da VTEX no Brasil, refletiu sobre o movimento de migra\u00e7\u00e3o para o ecossistema de solu\u00e7\u00f5es da companhia e como ela pode acelerar ganhos de escala e tempo de mercado. \u201cHavia a cren\u00e7a de que, para ser grande, o varejista precisa ter tecnologia pr\u00f3pria; hoje isso n\u00e3o \u00e9 mais eficiente. E, quando falamos que a VTEX se consolida como o&nbsp;<em>backbone&nbsp;<\/em>do varejo conectado, \u00e9 porque n\u00e3o migramos s\u00f3 o ecommerce. Somos a fonte da verdade de dados de estoque, cat\u00e1logo, pre\u00e7os e clientes de todos os canais de venda, como ecommerce, marketplace, televendas e B2B. Todos esses canais podem ser transacionados pela VTEX&#8221;, afirmou a executiva.&nbsp;<\/p>\n\n\n\n<p>J\u00e1 o Chief Revenue Officer, Santiago Naranjo, ressaltou a relev\u00e2ncia do Brasil no portf\u00f3lio global da empresa. Segundo ele, o pa\u00eds tem papel estrat\u00e9gico como laborat\u00f3rio de inova\u00e7\u00e3o, com aprendizados que se convertem em solu\u00e7\u00f5es escal\u00e1veis para outros mercados emergentes, especialmente na Am\u00e9rica Latina, onde a VTEX mant\u00e9m a lideran\u00e7a no setor de digital commerce. \u201cDelega\u00e7\u00f5es internacionais est\u00e3o vindo ao Brasil para aprender sobre tecnologia\u201d, afirmou Santiago ao falar da internacionaliza\u00e7\u00e3o das solu\u00e7\u00f5es da VTEX.&nbsp;<\/p>\n\n\n\n<p>Ainda na coletiva, Rafaela detalhou a curadoria e a ambi\u00e7\u00e3o do VTEX DAY 2025. \u201c\u00c9 mais do que um evento sobre a VTEX &#8211; \u00e9 um espa\u00e7o de conex\u00e3o entre tecnologia, neg\u00f3cios e cultura que impulsiona debates relevantes e re\u00fane grandes l\u00edderes do mercado nacional e internacional para discutir o futuro do varejo e da ind\u00fastria\u201d, disse a executiva. Sobre a curadoria, Rafaela destacou que a programa\u00e7\u00e3o do VTEX DAY 2025 foi pensada especialmente para refletir sobre os desafios reais enfrentados pelas lideran\u00e7as e como \u00e9 poss\u00edvel super\u00e1-los com coragem e resili\u00eancia para tomar riscos.&nbsp;<\/p>\n\n\n\n<p>A edi\u00e7\u00e3o re\u00fane mais de 300 painelistas, 230 marcas expositoras e uma agenda intensa distribu\u00edda em oito palcos simult\u00e2neos esperando a presen\u00e7a de 25 mil pessoas. Com keynotes internacionais, trilhas tem\u00e1ticas sobre IA, omnichannel, log\u00edstica, B2B e experi\u00eancia do consumidor, a expectativa \u00e9 que o VTEX DAY 2025 antecipe tend\u00eancias, fomente neg\u00f3cios e parcerias relevantes.<\/p>\n\n\n\n<p>Com programa\u00e7\u00e3o intensa durante dois dias, o evento deve movimentar mais de R$1 bilh\u00e3o em oportunidades comerciais, refor\u00e7ando S\u00e3o Paulo como capital latino-americana da inova\u00e7\u00e3o no com\u00e9rcio digital.<\/p>\n\n\n\n<p><strong>Curadoria do VTEX DAY 2025:<\/strong><\/p>\n\n\n\n<ul class=\"wp-block-list\">\n<li><strong>25 mil participantes<\/strong>\u00a0esperados.<\/li>\n\n\n\n<li><strong>Programa\u00e7\u00e3o robusta:<\/strong>\u00a0curadoria feita \u00e0 m\u00e3o, trazendo os maiores CEOs do varejo brasileiro, mais de 100 pain\u00e9is e mais 300 palestrantes especialistas.<\/li>\n\n\n\n<li><strong>Keynotes internacionais:<\/strong>\u00a0Viola Davis, Philip Kotler, Shane Parrish.\n<ul class=\"wp-block-list\">\n<li>Viola representa valores que a VTEX promove:\u00a0<strong>coragem, protagonismo, transforma\u00e7\u00e3o e impacto positivo<\/strong><\/li>\n\n\n\n<li>Sua trajet\u00f3ria inspira pela supera\u00e7\u00e3o e lideran\u00e7a, que se conecta com a hist\u00f3ria da VTEX: uma empresa que nasceu no Brasil, enfrentou desafios e conquistou o mundo com inova\u00e7\u00e3o e prop\u00f3sito sem se amedrontar com desafios<\/li>\n\n\n\n<li><strong>Novos espa\u00e7os:<\/strong>\n<ul class=\"wp-block-list\">\n<li>Retail Media Area.<\/li>\n\n\n\n<li>B2B Area.<\/li>\n\n\n\n<li>Palco Led by Her: palco onde s\u00f3 sobem mulheres, que s\u00e3o refer\u00eancias na \u00e1rea em que atuam para contribuir, como especialistas, com diversos conte\u00fados sobre marketing, opera\u00e7\u00f5es, finan\u00e7as, ESG, lideran\u00e7a e etc.<\/li>\n<\/ul>\n<\/li>\n<\/ul>\n<\/li>\n\n\n\n<li><strong>Uso de IA no evento:<\/strong>\n<ul class=\"wp-block-list\">\n<li>VTEX DAY no whatsapp, usando a Weni como motor de comunica\u00e7\u00e3o, podendo fazer um atendimento do visitante, sanando suas d\u00favidas e simplificando sua experi\u00eancia no evento\u00a0<\/li>\n\n\n\n<li>Palestras gravada e resumidas com uso de IA, que ser\u00e3o disponibilizadas no app<\/li>\n<\/ul>\n<\/li>\n<\/ul>\n\n\n\n<p><strong>Sobre a VTEX&nbsp;<\/strong><\/p>\n\n\n\n<p>A VTEX (NYSE: VTEX) \u00e9 a plataforma de com\u00e9rcio composable e completa que proporciona efici\u00eancia e reduz custos de manuten\u00e7\u00e3o para empresas que buscam otimizar seus investimentos em TI e modernizar seu stack tecnol\u00f3gico. Por meio de nossa abordagem de pragmatic composability, oferecemos a marcas, distribuidores e varejistas uma flexibilidade sem igual e solu\u00e7\u00f5es completas, permitindo que se foquem apenas em iniciativas que geram uma vantagem competitiva clara e maximizam os lucros. A VTEX conta com a confian\u00e7a de 2.400 clientes B2C e B2B globais, incluindo Carrefour, Colgate, Sony, Stanley Black &amp; Decker e Whirlpool, com 3.400 lojas online ativas em 43 pa\u00edses (dados do ano fiscal encerrado em 31 de dezembro de 2024). Para obter mais informa\u00e7\u00f5es, acesse o&nbsp;<a href=\"https:\/\/vtex.com\/pt-br\/\" target=\"_blank\" rel=\"noreferrer noopener\">site<\/a>.<br><br><strong>Atendimento \u00e0 Imprensa \u2013 VTEX<\/strong><\/p>\n\n\n\n<p><strong>LLYC Brasil &#8211; Tamyres Scholler, Stephanie Manchado, e Kayque Viana<\/strong><\/p>\n\n\n\n<p>E-mail:&nbsp;vtex-imprensa@llyc.global&nbsp;<\/p>\n\n\n\n<p>Telefone: (11) 99874-9718<\/p>\n\n\n\n<p><strong>Marina Aparecida<br><\/strong><\/p>\n","protected":false},"excerpt":{"rendered":"<p>S\u00e3o Paulo, 03 de junho de 2025&nbsp;\u2013 Com ingressos esgotados dez dias antes da abertura dos port\u00f5es, o VTEX DAY 2025 come\u00e7ou nesta segunda-feira (2), no S\u00e3o Paulo Expo, consolidando-se como o maior evento de digital commerce do mundo.&nbsp; Durante a abertura para imprensa, os principais executivos da companhia apresentaram a vis\u00e3o estrat\u00e9gica do neg\u00f3cio, [&hellip;]<\/p>\n","protected":false},"author":3,"featured_media":4720,"comment_status":"open","ping_status":"open","sticky":false,"template":"","format":"standard","meta":{"footnotes":""},"categories":[23],"tags":[],"class_list":{"0":"post-4719","1":"post","2":"type-post","3":"status-publish","4":"format-standard","5":"has-post-thumbnail","7":"category-feirasdenegocios"},"_links":{"self":[{"href":"https:\/\/tveventos.tv.br\/index.php?rest_route=\/wp\/v2\/posts\/4719","targetHints":{"allow":["GET"]}}],"collection":[{"href":"https:\/\/tveventos.tv.br\/index.php?rest_route=\/wp\/v2\/posts"}],"about":[{"href":"https:\/\/tveventos.tv.br\/index.php?rest_route=\/wp\/v2\/types\/post"}],"author":[{"embeddable":true,"href":"https:\/\/tveventos.tv.br\/index.php?rest_route=\/wp\/v2\/users\/3"}],"replies":[{"embeddable":true,"href":"https:\/\/tveventos.tv.br\/index.php?rest_route=%2Fwp%2Fv2%2Fcomments&post=4719"}],"version-history":[{"count":1,"href":"https:\/\/tveventos.tv.br\/index.php?rest_route=\/wp\/v2\/posts\/4719\/revisions"}],"predecessor-version":[{"id":4721,"href":"https:\/\/tveventos.tv.br\/index.php?rest_route=\/wp\/v2\/posts\/4719\/revisions\/4721"}],"wp:featuredmedia":[{"embeddable":true,"href":"https:\/\/tveventos.tv.br\/index.php?rest_route=\/wp\/v2\/media\/4720"}],"wp:attachment":[{"href":"https:\/\/tveventos.tv.br\/index.php?rest_route=%2Fwp%2Fv2%2Fmedia&parent=4719"}],"wp:term":[{"taxonomy":"category","embeddable":true,"href":"https:\/\/tveventos.tv.br\/index.php?rest_route=%2Fwp%2Fv2%2Fcategories&post=4719"},{"taxonomy":"post_tag","embeddable":true,"href":"https:\/\/tveventos.tv.br\/index.php?rest_route=%2Fwp%2Fv2%2Ftags&post=4719"}],"curies":[{"name":"wp","href":"https:\/\/api.w.org\/{rel}","templated":true}]}}