{"id":4722,"date":"2025-06-05T14:21:50","date_gmt":"2025-06-05T17:21:50","guid":{"rendered":"https:\/\/tveventos.tv.br\/?p=4722"},"modified":"2025-06-05T14:21:51","modified_gmt":"2025-06-05T17:21:51","slug":"congresso-infra-fm","status":"publish","type":"post","link":"https:\/\/tveventos.tv.br\/?p=4722","title":{"rendered":"CONGRESSO INFRA FM"},"content":{"rendered":"\n<p>O 20\u00ba Congresso InfraFM 2025 \u00e9 um dos eventos mais relevantes da Am\u00e9rica Latina para os profissionais de Facility, Property e Workplace Management. Ele ocorrer\u00e1 de 9 a 11 de junho de 2025 no Expo Center Norte, em S\u00e3o Paulo .<\/p>\n\n\n\n<p>O congresso abordar\u00e1 temas como sustentabilidade, lideran\u00e7a e tecnologia, divididos em oito trilhas tem\u00e1ticas: Estrat\u00e9gia, Gest\u00e3o de Terceiros, Workplace, ESG, Wellness, Pr\u00e9dios Existentes, Opera\u00e7\u00f5es e Tecnologias. Al\u00e9m das palestras, os participantes ter\u00e3o acesso \u00e0 12\u00aa Expo InfraFM, uma feira que apresenta solu\u00e7\u00f5es e fornecedores do setor.<\/p>\n\n\n\n<p>O evento tamb\u00e9m oferece visitas t\u00e9cnicas a empreendimentos como o Arquipeo, o Col\u00e9gio Porto Seguro, o escrit\u00f3rio da Dow Brasil e a sede da Elopar, proporcionando uma experi\u00eancia pr\u00e1tica e imersiva.<\/p>\n\n\n\n<p>As inscri\u00e7\u00f5es est\u00e3o dispon\u00edveis em diferentes modalidades, com valores que variam conforme o pacote escolhido. Os participantes ter\u00e3o direito a certificado digital, acesso \u00e0s palestras em PDF, networking com palestrantes e, dependendo do pacote, visitas t\u00e9cnicas e vouchers de almo\u00e7o.Para mais informa\u00e7\u00f5es e inscri\u00e7\u00f5es, acesse o site oficial do evento:<a href=\"https:\/\/www.infrafm.com.br\/eventos\/202\/congresso-infrafm-2025\"> https:\/\/www.infrafm.com.br\/eventos\/202\/congresso-infrafm-2025<\/a>.(<a href=\"https:\/\/www.infrafm.com.br\/eventos\/202\/congresso-infrafm-2025?utm_source=chatgpt.com\">infrafm.com.br<\/a>)<\/p>\n\n\n\n<p>Junte-se a n\u00f3s nos dias 09 a 11 de junho, dia 09 das 14:00 \u00e0s 17:00\/dia 10 e 11 das 10h \u00e0s 17:30 no Expo Center Norte<\/p>\n\n\n\n<p>Endere\u00e7o: Rua Jos\u00e9 Bernardo Pinto 333, S\u00e3o Paulo, SP, 02055-000\u00a0<br><\/p>\n","protected":false},"excerpt":{"rendered":"<p>O 20\u00ba Congresso InfraFM 2025 \u00e9 um dos eventos mais relevantes da Am\u00e9rica Latina para os profissionais de Facility, Property e Workplace Management. Ele ocorrer\u00e1 de 9 a 11 de junho de 2025 no Expo Center Norte, em S\u00e3o Paulo . O congresso abordar\u00e1 temas como sustentabilidade, lideran\u00e7a e tecnologia, divididos em oito trilhas tem\u00e1ticas: [&hellip;]<\/p>\n","protected":false},"author":3,"featured_media":4723,"comment_status":"open","ping_status":"open","sticky":false,"template":"","format":"standard","meta":{"footnotes":""},"categories":[25],"tags":[],"class_list":{"0":"post-4722","1":"post","2":"type-post","3":"status-publish","4":"format-standard","5":"has-post-thumbnail","7":"category-calendariodeeventos"},"_links":{"self":[{"href":"https:\/\/tveventos.tv.br\/index.php?rest_route=\/wp\/v2\/posts\/4722","targetHints":{"allow":["GET"]}}],"collection":[{"href":"https:\/\/tveventos.tv.br\/index.php?rest_route=\/wp\/v2\/posts"}],"about":[{"href":"https:\/\/tveventos.tv.br\/index.php?rest_route=\/wp\/v2\/types\/post"}],"author":[{"embeddable":true,"href":"https:\/\/tveventos.tv.br\/index.php?rest_route=\/wp\/v2\/users\/3"}],"replies":[{"embeddable":true,"href":"https:\/\/tveventos.tv.br\/index.php?rest_route=%2Fwp%2Fv2%2Fcomments&post=4722"}],"version-history":[{"count":1,"href":"https:\/\/tveventos.tv.br\/index.php?rest_route=\/wp\/v2\/posts\/4722\/revisions"}],"predecessor-version":[{"id":4724,"href":"https:\/\/tveventos.tv.br\/index.php?rest_route=\/wp\/v2\/posts\/4722\/revisions\/4724"}],"wp:featuredmedia":[{"embeddable":true,"href":"https:\/\/tveventos.tv.br\/index.php?rest_route=\/wp\/v2\/media\/4723"}],"wp:attachment":[{"href":"https:\/\/tveventos.tv.br\/index.php?rest_route=%2Fwp%2Fv2%2Fmedia&parent=4722"}],"wp:term":[{"taxonomy":"category","embeddable":true,"href":"https:\/\/tveventos.tv.br\/index.php?rest_route=%2Fwp%2Fv2%2Fcategories&post=4722"},{"taxonomy":"post_tag","embeddable":true,"href":"https:\/\/tveventos.tv.br\/index.php?rest_route=%2Fwp%2Fv2%2Ftags&post=4722"}],"curies":[{"name":"wp","href":"https:\/\/api.w.org\/{rel}","templated":true}]}}