{"id":4726,"date":"2025-06-05T15:32:07","date_gmt":"2025-06-05T18:32:07","guid":{"rendered":"https:\/\/tveventos.tv.br\/?p=4726"},"modified":"2025-06-05T15:32:09","modified_gmt":"2025-06-05T18:32:09","slug":"febraban-tech","status":"publish","type":"post","link":"https:\/\/tveventos.tv.br\/?p=4726","title":{"rendered":"FEBRABAN TECH"},"content":{"rendered":"\n<p>Depois de bater recorde de p\u00fablico, com 55 mil visitas, em 2024, o FEBRABAN TECH 2025, que ser\u00e1 nos dias 10, 11 e 12 de junho, no Transam\u00e9rica Expo Center, em S\u00e3o Paulo, ter\u00e1 novidades. O congresso, maior evento de tecnologia e inova\u00e7\u00e3o do setor financeiro, re\u00fane as lideran\u00e7as dos setores financeiro, tecnologia, sustentabilidade, telecomunica\u00e7\u00f5es, varejo e de \u00e1reas interessadas em inova\u00e7\u00e3o, para debates sobre temas atuais da economia digital.<\/p>\n\n\n\n<p>O FEBRABAN TECH 2025 ir\u00e1 crescer em rela\u00e7\u00e3o ao \u201cconte\u00fado\u201d, reconhecidamente um dos grandes referenciais do evento nos \u00faltimos anos.<\/p>\n\n\n\n<p>Os debates ter\u00e3o mais um espa\u00e7o em audit\u00f3rio in\u00e9dito, uma grande inova\u00e7\u00e3o desta edi\u00e7\u00e3o \u2013 o \u201cAudit\u00f3rio Febraban\u201d ser\u00e1 formado por quatro audit\u00f3rios, com um palco girat\u00f3rio.<\/p>\n\n\n\n<p>Esses palcos, somados aos audit\u00f3rios \u201cCases\u201d, \u201cInova\u00e7\u00e3o &amp; Novos Neg\u00f3cios\u201d, \u201cImers\u00e3o\u201d, \u201cArena Fintech\u201d, al\u00e9m dos Workshops, ir\u00e3o receber painelistas que se dividir\u00e3o em 12 trilhas, todas permeadas pelo tema central do evento: \u201cA acelera\u00e7\u00e3o do Setor Financeiro na Era da Intelig\u00eancia\u201d.<\/p>\n\n\n\n<p>A intelig\u00eancia artificial generativa ser\u00e1 um dos focos desta edi\u00e7\u00e3o, destacando seu papel transformador na amplia\u00e7\u00e3o da produtividade e na otimiza\u00e7\u00e3o de processos, permitindo que os profissionais se dediquem a atividades mais estrat\u00e9gicas e criativas.<\/p>\n\n\n\n<p>Outra novidade para 2025 \u00e9 a nova \u00e1rea de restaurante, agora em um espa\u00e7o diferenciado e acolhedor, desenhado especialmente para receber o evento, no rooftop do pavilh\u00e3o. Al\u00e9m disso, a \u00e1rea de exposi\u00e7\u00e3o ser\u00e1 ampliada para 270 espa\u00e7os, um crescimento de 20% em rela\u00e7\u00e3o a 2024.<\/p>\n\n\n\n<p>Junte-se a n\u00f3s nos dias 10 a 12 de junho, das 9h \u00e0s 20h no Transamerica Expo Center<\/p>\n\n\n\n<p>Endere\u00e7o: Av. Dr. M\u00e1rio Vilas Boas Rodrigues 387, S\u00e3o Paulo, SP, 04757-020<br><\/p>\n\n\n\n<p><\/p>\n","protected":false},"excerpt":{"rendered":"<p>Depois de bater recorde de p\u00fablico, com 55 mil visitas, em 2024, o FEBRABAN TECH 2025, que ser\u00e1 nos dias 10, 11 e 12 de junho, no Transam\u00e9rica Expo Center, em S\u00e3o Paulo, ter\u00e1 novidades. O congresso, maior evento de tecnologia e inova\u00e7\u00e3o do setor financeiro, re\u00fane as lideran\u00e7as dos setores financeiro, tecnologia, sustentabilidade, telecomunica\u00e7\u00f5es, [&hellip;]<\/p>\n","protected":false},"author":3,"featured_media":4727,"comment_status":"open","ping_status":"open","sticky":false,"template":"","format":"standard","meta":{"footnotes":""},"categories":[25],"tags":[],"class_list":{"0":"post-4726","1":"post","2":"type-post","3":"status-publish","4":"format-standard","5":"has-post-thumbnail","7":"category-calendariodeeventos"},"_links":{"self":[{"href":"https:\/\/tveventos.tv.br\/index.php?rest_route=\/wp\/v2\/posts\/4726","targetHints":{"allow":["GET"]}}],"collection":[{"href":"https:\/\/tveventos.tv.br\/index.php?rest_route=\/wp\/v2\/posts"}],"about":[{"href":"https:\/\/tveventos.tv.br\/index.php?rest_route=\/wp\/v2\/types\/post"}],"author":[{"embeddable":true,"href":"https:\/\/tveventos.tv.br\/index.php?rest_route=\/wp\/v2\/users\/3"}],"replies":[{"embeddable":true,"href":"https:\/\/tveventos.tv.br\/index.php?rest_route=%2Fwp%2Fv2%2Fcomments&post=4726"}],"version-history":[{"count":1,"href":"https:\/\/tveventos.tv.br\/index.php?rest_route=\/wp\/v2\/posts\/4726\/revisions"}],"predecessor-version":[{"id":4728,"href":"https:\/\/tveventos.tv.br\/index.php?rest_route=\/wp\/v2\/posts\/4726\/revisions\/4728"}],"wp:featuredmedia":[{"embeddable":true,"href":"https:\/\/tveventos.tv.br\/index.php?rest_route=\/wp\/v2\/media\/4727"}],"wp:attachment":[{"href":"https:\/\/tveventos.tv.br\/index.php?rest_route=%2Fwp%2Fv2%2Fmedia&parent=4726"}],"wp:term":[{"taxonomy":"category","embeddable":true,"href":"https:\/\/tveventos.tv.br\/index.php?rest_route=%2Fwp%2Fv2%2Fcategories&post=4726"},{"taxonomy":"post_tag","embeddable":true,"href":"https:\/\/tveventos.tv.br\/index.php?rest_route=%2Fwp%2Fv2%2Ftags&post=4726"}],"curies":[{"name":"wp","href":"https:\/\/api.w.org\/{rel}","templated":true}]}}