{"id":4729,"date":"2025-06-10T13:59:13","date_gmt":"2025-06-10T16:59:13","guid":{"rendered":"https:\/\/tveventos.tv.br\/?p=4729"},"modified":"2025-06-10T13:59:15","modified_gmt":"2025-06-10T16:59:15","slug":"fce-pharma-2","status":"publish","type":"post","link":"https:\/\/tveventos.tv.br\/?p=4729","title":{"rendered":"FCE PHARMA"},"content":{"rendered":"\n<p>A FCE\u202fPharma\u202f2025 ser\u00e1 realizada entre os dias 10 e 12 de junho de 2025, no S\u00e3o Paulo Expo, das 11h \u00e0s 19h, consolidando-se como o maior ponto de encontro da ind\u00fastria farmac\u00eautica da Am\u00e9rica Latina. Em sua 29\u00aa edi\u00e7\u00e3o, o evento \u00e9 promovido pela N\u00fcrnbergMesse Brasil, subsidi\u00e1ria do Grupo N\u00fcrnbergMesse, uma das cinco maiores organizadoras de feiras no pa\u00eds e parte de um grupo global com presen\u00e7a em mais de 100 pa\u00edses.<\/p>\n\n\n\n<p>Durante os tr\u00eas dias de feira, os principais fabricantes, fornecedores e especialistas do setor farmac\u00eautico estar\u00e3o reunidos para apresentar solu\u00e7\u00f5es inovadoras em m\u00e1quinas, equipamentos, automa\u00e7\u00e3o, controle de contamina\u00e7\u00e3o, embalagem, mat\u00e9ria-prima, servi\u00e7os terceirizados, log\u00edstica e tecnologia em geral. Os visitantes podem esperar conhecer os lan\u00e7amentos e tend\u00eancias internacionais para a ind\u00fastria, estabelecendo networking estrat\u00e9gico e acessando conte\u00fado t\u00e9cnico e profissional de alto n\u00edvel.<\/p>\n\n\n\n<p>A edi\u00e7\u00e3o de 2024 j\u00e1 havia sido um sucesso, com mais de 600 expositores e cerca de 21\u202f575 visitantes qualificados, sendo 60% deles executivos de alto escal\u00e3o. Em 2025, a expectativa \u00e9 de p\u00fablico semelhante, atendendo tanto a profissionais nacionais quanto a empresas internacionais interessadas no mercado latino-americano .<\/p>\n\n\n\n<p>O evento acontece simultaneamente \u00e0 FCE\u202fCosmetique, voltada ao setor cosm\u00e9tico, formando um hub sin\u00e9rgico entre ind\u00fastria farmac\u00eautica e cosm\u00e9tica.<\/p>\n\n\n\n<p>Al\u00e9m das exposi\u00e7\u00f5es, a FCE\u202fPharma oferece uma programa\u00e7\u00e3o de palestras, pain\u00e9is e espa\u00e7os de debate, como a Arena Talk Science e o WNTC, que trazem discuss\u00f5es atualizadas sobre desafios e oportunidades do setor, debatendo temas como cadeia produtiva, regulamenta\u00e7\u00e3o e inova\u00e7\u00f5es tecnol\u00f3gicas.<\/p>\n\n\n\n<p>Para empresas interessadas em se expor, esse encontro representa uma oportunidade valiosa de ampliar a visibilidade, lan\u00e7ar produtos e estabelecer parcerias. Para visitantes, \u00e9 uma chance \u00edmpar de atualiza\u00e7\u00e3o t\u00e9cnica, aproxima\u00e7\u00e3o com fornecedores e monitoramento de tend\u00eancias \u2013 tudo reunido em um \u00fanico ambiente de neg\u00f3cios e conhecimento.<\/p>\n\n\n\n<p>Junte-se a n\u00f3s nos dias 10 a 12 de junho, das 10h \u00e0s 19h no S\u00e3o Paulo Expo<\/p>\n\n\n\n<p>Endere\u00e7o: \u00a0Rod. dos Imigrantes 5, S\/N, km. 1, S\u00e3o Paulo, SP, 04329-900<\/p>\n","protected":false},"excerpt":{"rendered":"<p>A FCE\u202fPharma\u202f2025 ser\u00e1 realizada entre os dias 10 e 12 de junho de 2025, no S\u00e3o Paulo Expo, das 11h \u00e0s 19h, consolidando-se como o maior ponto de encontro da ind\u00fastria farmac\u00eautica da Am\u00e9rica Latina. Em sua 29\u00aa edi\u00e7\u00e3o, o evento \u00e9 promovido pela N\u00fcrnbergMesse Brasil, subsidi\u00e1ria do Grupo N\u00fcrnbergMesse, uma das cinco maiores organizadoras [&hellip;]<\/p>\n","protected":false},"author":3,"featured_media":4730,"comment_status":"open","ping_status":"open","sticky":false,"template":"","format":"standard","meta":{"footnotes":""},"categories":[25],"tags":[],"class_list":{"0":"post-4729","1":"post","2":"type-post","3":"status-publish","4":"format-standard","5":"has-post-thumbnail","7":"category-calendariodeeventos"},"_links":{"self":[{"href":"https:\/\/tveventos.tv.br\/index.php?rest_route=\/wp\/v2\/posts\/4729","targetHints":{"allow":["GET"]}}],"collection":[{"href":"https:\/\/tveventos.tv.br\/index.php?rest_route=\/wp\/v2\/posts"}],"about":[{"href":"https:\/\/tveventos.tv.br\/index.php?rest_route=\/wp\/v2\/types\/post"}],"author":[{"embeddable":true,"href":"https:\/\/tveventos.tv.br\/index.php?rest_route=\/wp\/v2\/users\/3"}],"replies":[{"embeddable":true,"href":"https:\/\/tveventos.tv.br\/index.php?rest_route=%2Fwp%2Fv2%2Fcomments&post=4729"}],"version-history":[{"count":1,"href":"https:\/\/tveventos.tv.br\/index.php?rest_route=\/wp\/v2\/posts\/4729\/revisions"}],"predecessor-version":[{"id":4731,"href":"https:\/\/tveventos.tv.br\/index.php?rest_route=\/wp\/v2\/posts\/4729\/revisions\/4731"}],"wp:featuredmedia":[{"embeddable":true,"href":"https:\/\/tveventos.tv.br\/index.php?rest_route=\/wp\/v2\/media\/4730"}],"wp:attachment":[{"href":"https:\/\/tveventos.tv.br\/index.php?rest_route=%2Fwp%2Fv2%2Fmedia&parent=4729"}],"wp:term":[{"taxonomy":"category","embeddable":true,"href":"https:\/\/tveventos.tv.br\/index.php?rest_route=%2Fwp%2Fv2%2Fcategories&post=4729"},{"taxonomy":"post_tag","embeddable":true,"href":"https:\/\/tveventos.tv.br\/index.php?rest_route=%2Fwp%2Fv2%2Ftags&post=4729"}],"curies":[{"name":"wp","href":"https:\/\/api.w.org\/{rel}","templated":true}]}}