{"id":4732,"date":"2025-06-10T14:08:05","date_gmt":"2025-06-10T17:08:05","guid":{"rendered":"https:\/\/tveventos.tv.br\/?p=4732"},"modified":"2025-06-10T14:08:06","modified_gmt":"2025-06-10T17:08:06","slug":"exposec-2","status":"publish","type":"post","link":"https:\/\/tveventos.tv.br\/?p=4732","title":{"rendered":"EXPOSEC"},"content":{"rendered":"\n<p>A Exposec 2025 ser\u00e1 realizada entre os dias 10 e 12 de junho de 2025, no S\u00e3o Paulo Expo, com funcionamento di\u00e1rio das 13h \u00e0s 20h. Este evento, j\u00e1 em sua 26\u00aa edi\u00e7\u00e3o, \u00e9 promovido pela Fiera Milano Brasil em parceria com a AB\u2011ESE (Associa\u00e7\u00e3o Brasileira das Empresas de Sistemas Eletr\u00f4nicos de Seguran\u00e7a), consolidando-se como o principal encontro de tecnologia aplicada \u00e0 seguran\u00e7a na Am\u00e9rica Latina.<\/p>\n\n\n\n<p>Ao longo de tr\u00eas dias, a feira ocupar\u00e1 uma \u00e1rea de aproximadamente 40\u202f000\u202fm\u00b2, reunindo mais de 800 marcas expositoras \u2013 nacionais e internacionais \u2013 e deve atrair cerca de 45\u202f000 a 55\u202f000 profissionais qualificados do setor. As novidades deste ano incluem a amplia\u00e7\u00e3o de temas como Intelig\u00eancia Artificial, Ciberseguran\u00e7a, Conectividade e TI\/Telecom, refletindo a converg\u00eancia entre tecnologia e sistemas de prote\u00e7\u00e3o.<\/p>\n\n\n\n<p>Al\u00e9m da exposi\u00e7\u00e3o de equipamentos e solu\u00e7\u00f5es para seguran\u00e7a eletr\u00f4nica, p\u00fablica, patrimonial, privada, pessoal e empresarial, a feira introduzir\u00e1 espa\u00e7os dedicados ao conte\u00fado especializado. A nova Arena de Conte\u00fado Exposec reunir\u00e1 palestras, pain\u00e9is e keynotes sobre tend\u00eancias como o uso de IA embarcada, seguran\u00e7a na nuvem e estrat\u00e9gias macroecon\u00f4micas. As autoridades confirmadas incluem o Secret\u00e1rio de Seguran\u00e7a P\u00fablica de S\u00e3o Paulo, Guilherme Derrite, e outros importantes nomes do setor. Haver\u00e1 tamb\u00e9m o Exposhow, onde os expositores poder\u00e3o apresentar suas solu\u00e7\u00f5es em tempo real, e o Security Podcast, com entrevistas e discuss\u00f5es ao vivo.<\/p>\n\n\n\n<p>Essa edi\u00e7\u00e3o marca uma mudan\u00e7a de posicionamento: al\u00e9m de ser uma feira de neg\u00f3cios, a Exposec passa a se apresentar como uma plataforma de conex\u00e3o, aprendizado e transforma\u00e7\u00e3o, alinhada \u00e0s demandas de um setor cada vez mais digital e integrado. Para expositores, representa uma oportunidade estrat\u00e9gica de se conectar com fabricantes, prestadores de servi\u00e7o, distribuidores e tomadores de decis\u00e3o em um ambiente direcionado ao setor. Para visitantes, \u00e9 a chance de conhecer tecnologias de ponta, realizar networking e ficar por dentro das tend\u00eancias globais do mercado de seguran\u00e7a.<\/p>\n\n\n\n<p>Em ess\u00eancia, a Exposec 2025 representa o ponto de converg\u00eancia entre o mercado de seguran\u00e7a, inova\u00e7\u00e3o tecnol\u00f3gica e conectividade, posicionando S\u00e3o Paulo como hub de refer\u00eancia para neg\u00f3cios e discuss\u00f5es estrat\u00e9gicas no setor.<\/p>\n\n\n\n<p>Junte-se a n\u00f3s nos dias 10 e 12 de junho, das 13h \u00e0s 20h no S\u00e3o Paulo Expo<\/p>\n\n\n\n<p>Endere\u00e7o: \u00a0Rod. dos Imigrantes 5, S\/N, km. 1, S\u00e3o Paulo, SP, 04329-900<br><\/p>\n","protected":false},"excerpt":{"rendered":"<p>A Exposec 2025 ser\u00e1 realizada entre os dias 10 e 12 de junho de 2025, no S\u00e3o Paulo Expo, com funcionamento di\u00e1rio das 13h \u00e0s 20h. Este evento, j\u00e1 em sua 26\u00aa edi\u00e7\u00e3o, \u00e9 promovido pela Fiera Milano Brasil em parceria com a AB\u2011ESE (Associa\u00e7\u00e3o Brasileira das Empresas de Sistemas Eletr\u00f4nicos de Seguran\u00e7a), consolidando-se como [&hellip;]<\/p>\n","protected":false},"author":3,"featured_media":4733,"comment_status":"open","ping_status":"open","sticky":false,"template":"","format":"standard","meta":{"footnotes":""},"categories":[25],"tags":[],"class_list":{"0":"post-4732","1":"post","2":"type-post","3":"status-publish","4":"format-standard","5":"has-post-thumbnail","7":"category-calendariodeeventos"},"_links":{"self":[{"href":"https:\/\/tveventos.tv.br\/index.php?rest_route=\/wp\/v2\/posts\/4732","targetHints":{"allow":["GET"]}}],"collection":[{"href":"https:\/\/tveventos.tv.br\/index.php?rest_route=\/wp\/v2\/posts"}],"about":[{"href":"https:\/\/tveventos.tv.br\/index.php?rest_route=\/wp\/v2\/types\/post"}],"author":[{"embeddable":true,"href":"https:\/\/tveventos.tv.br\/index.php?rest_route=\/wp\/v2\/users\/3"}],"replies":[{"embeddable":true,"href":"https:\/\/tveventos.tv.br\/index.php?rest_route=%2Fwp%2Fv2%2Fcomments&post=4732"}],"version-history":[{"count":1,"href":"https:\/\/tveventos.tv.br\/index.php?rest_route=\/wp\/v2\/posts\/4732\/revisions"}],"predecessor-version":[{"id":4734,"href":"https:\/\/tveventos.tv.br\/index.php?rest_route=\/wp\/v2\/posts\/4732\/revisions\/4734"}],"wp:featuredmedia":[{"embeddable":true,"href":"https:\/\/tveventos.tv.br\/index.php?rest_route=\/wp\/v2\/media\/4733"}],"wp:attachment":[{"href":"https:\/\/tveventos.tv.br\/index.php?rest_route=%2Fwp%2Fv2%2Fmedia&parent=4732"}],"wp:term":[{"taxonomy":"category","embeddable":true,"href":"https:\/\/tveventos.tv.br\/index.php?rest_route=%2Fwp%2Fv2%2Fcategories&post=4732"},{"taxonomy":"post_tag","embeddable":true,"href":"https:\/\/tveventos.tv.br\/index.php?rest_route=%2Fwp%2Fv2%2Ftags&post=4732"}],"curies":[{"name":"wp","href":"https:\/\/api.w.org\/{rel}","templated":true}]}}