{"id":4735,"date":"2025-06-10T14:44:24","date_gmt":"2025-06-10T17:44:24","guid":{"rendered":"https:\/\/tveventos.tv.br\/?p=4735"},"modified":"2025-06-10T14:44:25","modified_gmt":"2025-06-10T17:44:25","slug":"natural-tech","status":"publish","type":"post","link":"https:\/\/tveventos.tv.br\/?p=4735","title":{"rendered":"NATURAL TECH"},"content":{"rendered":"\n<p>A Naturaltech 2025 ser\u00e1 a maior feira de neg\u00f3cios da Am\u00e9rica Latina dedicada exclusivamente a produtos naturais, org\u00e2nicos e sustent\u00e1veis, e ocorrer\u00e1 de 11 a 14 de junho de 2025 no Distrito Anhembi, em S\u00e3o Paulo. Realizada simultaneamente com a Bio Brazil Fair, o evento se destaca por reunir mais de 57\u202f000 visitantes ao longo de seus quatro dias incluindo varejistas, profissionais de sa\u00fade, empres\u00e1rios, produtores, cooperativas e autoridades do setor \u2014 o que marca um crescimento significativo de 10\u202f% em rela\u00e7\u00e3o \u00e0 edi\u00e7\u00e3o anterior.<\/p>\n\n\n\n<p>Durante o per\u00edodo de 11 e 12 de junho, a feira ser\u00e1 voltada exclusivamente a profissionais da \u00e1rea de neg\u00f3cios e sa\u00fade, enquanto nos dias 13 e 14 estar\u00e1 aberta ao p\u00fablico em geral. Com hor\u00e1rio de funcionamento de 10h \u00e0s 20h diariamente, o evento ser\u00e1 sediado no pavilh\u00e3o de exposi\u00e7\u00f5es do Anhembi.<\/p>\n\n\n\n<p>A Naturaltech abrange diversos setores, incluindo alimentos e bebidas funcionais, suplementos e nutri\u00e7\u00e3o esportiva, cosm\u00e9ticos e dermocosm\u00e9ticos naturais, higiene e limpeza ecol\u00f3gica, moda sustent\u00e1vel e produtos veganos. Al\u00e9m disso, h\u00e1 uma programa\u00e7\u00e3o robusta de palestras e workshops com especialistas renomados, como Alexandre Herchcovitch, Marina Santa Helena, Felipe Feistler, Dr. Eric Slywitch e Patr\u00edcia Lima, que discutir\u00e3o inova\u00e7\u00e3o, marketing, estilo de vida saud\u00e1vel e sustentabilidade.<\/p>\n\n\n\n<p>No espa\u00e7o de neg\u00f3cios, a feira oferece rodadas de neg\u00f3cios pr\u00e9-agendadas entre compradores e expositores, com o objetivo de fomentar parcerias, ampliar redes de contatos e impulsionar o setor. A edi\u00e7\u00e3o anterior contou com mais de 1.700 marcas e 760 expositores presentes, o que refor\u00e7a o dinamismo e a relev\u00e2ncia do mercado de produtos naturais e org\u00e2nicos.<\/p>\n\n\n\n<p>Al\u00e9m da variedade de produtos e oportunidades comerciais, a Naturaltech adota a\u00e7\u00f5es de sustentabilidade, como gest\u00e3o de res\u00edduos, compensa\u00e7\u00e3o ambiental e iniciativas ESG, refor\u00e7ando seu compromisso com um futuro mais consciente e respons\u00e1vel.<br>Em s\u00edntese, a Naturaltech 2025 \u00e9 muito mais do que uma exposi\u00e7\u00e3o: trata-se de um evento estrat\u00e9gico que integra neg\u00f3cios, conte\u00fado t\u00e9cnico, inova\u00e7\u00e3o e sustentabilidade, consolidando-se como refer\u00eancia obrigat\u00f3ria no calend\u00e1rio de quem deseja estar \u00e0 frente no mercado natural latino-americano.<\/p>\n\n\n\n<p>Junte-se a n\u00f3s nos dias 11 a 14 de junho, das 10h \u00e0s 20h no Distrito Anhembi<\/p>\n\n\n\n<p>Endere\u00e7o: Avenida Olavo Fontoura, N\u00b0 1. 209\/Santana, S\u00e3o Paulo, SP, 02012-021<br><br><\/p>\n","protected":false},"excerpt":{"rendered":"<p>A Naturaltech 2025 ser\u00e1 a maior feira de neg\u00f3cios da Am\u00e9rica Latina dedicada exclusivamente a produtos naturais, org\u00e2nicos e sustent\u00e1veis, e ocorrer\u00e1 de 11 a 14 de junho de 2025 no Distrito Anhembi, em S\u00e3o Paulo. Realizada simultaneamente com a Bio Brazil Fair, o evento se destaca por reunir mais de 57\u202f000 visitantes ao longo [&hellip;]<\/p>\n","protected":false},"author":3,"featured_media":4736,"comment_status":"open","ping_status":"open","sticky":false,"template":"","format":"standard","meta":{"footnotes":""},"categories":[25],"tags":[],"class_list":{"0":"post-4735","1":"post","2":"type-post","3":"status-publish","4":"format-standard","5":"has-post-thumbnail","7":"category-calendariodeeventos"},"_links":{"self":[{"href":"https:\/\/tveventos.tv.br\/index.php?rest_route=\/wp\/v2\/posts\/4735","targetHints":{"allow":["GET"]}}],"collection":[{"href":"https:\/\/tveventos.tv.br\/index.php?rest_route=\/wp\/v2\/posts"}],"about":[{"href":"https:\/\/tveventos.tv.br\/index.php?rest_route=\/wp\/v2\/types\/post"}],"author":[{"embeddable":true,"href":"https:\/\/tveventos.tv.br\/index.php?rest_route=\/wp\/v2\/users\/3"}],"replies":[{"embeddable":true,"href":"https:\/\/tveventos.tv.br\/index.php?rest_route=%2Fwp%2Fv2%2Fcomments&post=4735"}],"version-history":[{"count":1,"href":"https:\/\/tveventos.tv.br\/index.php?rest_route=\/wp\/v2\/posts\/4735\/revisions"}],"predecessor-version":[{"id":4737,"href":"https:\/\/tveventos.tv.br\/index.php?rest_route=\/wp\/v2\/posts\/4735\/revisions\/4737"}],"wp:featuredmedia":[{"embeddable":true,"href":"https:\/\/tveventos.tv.br\/index.php?rest_route=\/wp\/v2\/media\/4736"}],"wp:attachment":[{"href":"https:\/\/tveventos.tv.br\/index.php?rest_route=%2Fwp%2Fv2%2Fmedia&parent=4735"}],"wp:term":[{"taxonomy":"category","embeddable":true,"href":"https:\/\/tveventos.tv.br\/index.php?rest_route=%2Fwp%2Fv2%2Fcategories&post=4735"},{"taxonomy":"post_tag","embeddable":true,"href":"https:\/\/tveventos.tv.br\/index.php?rest_route=%2Fwp%2Fv2%2Ftags&post=4735"}],"curies":[{"name":"wp","href":"https:\/\/api.w.org\/{rel}","templated":true}]}}