{"id":4738,"date":"2025-06-16T14:12:52","date_gmt":"2025-06-16T17:12:52","guid":{"rendered":"https:\/\/tveventos.tv.br\/?p=4738"},"modified":"2025-06-16T14:12:53","modified_gmt":"2025-06-16T17:12:53","slug":"socesp-2025","status":"publish","type":"post","link":"https:\/\/tveventos.tv.br\/?p=4738","title":{"rendered":"SOCESP 2025"},"content":{"rendered":"\n<p>SOCESP estrutura espa\u00e7o espec\u00edfico para pautas ESG em seu congresso anual Entidade quer refor\u00e7ar correla\u00e7\u00e3o entre os temas ambientais, sociais e de governan\u00e7a e doen\u00e7as cardiovasculares, mostrando que, ao investir neste trip\u00e9, investe-se tamb\u00e9m na sa\u00fade do cora\u00e7\u00e3o. O Congresso da SOCESP acontece nos dias 19, 20 e 21 de junho, no Transamerica Expo Center, em S\u00e3o Paulo.<\/p>\n\n\n\n<p>A comiss\u00e3o organizadora do 45\u00ba Congresso da SOCESP \u2013 Sociedade de Cardiologia do Estado de S\u00e3o Paulo traz uma novidade sem precedentes para o evento: uma Arena para debater ESG &#8211; Environmental, Social and Governance, um espa\u00e7o de discuss\u00e3o de temas ambientais, sociais e de governan\u00e7a e seus impactos na sa\u00fade cardiovascular. Trata-se de um domo de 80 metros quadrados, o maior j\u00e1 constru\u00eddo dentro de um congresso m\u00e9dico no mundo*. Um domo \u00e9 uma estrutura arquitet\u00f4nica em forma de c\u00fapula, feita de barras unidas em tri\u00e2ngulos.<\/p>\n\n\n\n<p>Toda a concep\u00e7\u00e3o do projeto leva a uma experi\u00eancia sensorial: dentro da estrutura haver\u00e1 uma esfera acima do palco, representando a Terra, onde estar\u00e3o os debatedores. Ao redor, a plateia se acomodar\u00e1 em cadeiras postadas em tr\u00eas n\u00edveis de eleva\u00e7\u00e3o, o que possibilitar\u00e1 assistir e participar das conversas.<\/p>\n\n\n\n<p>J\u00e1 a entrada ser\u00e1 por uma passarela ornamentada com luz Led, configurando as art\u00e9rias do corpo humano. \u201cIsso para lembrar o cora\u00e7\u00e3o que pulsa no peito de cada um de n\u00f3s e que, por vezes, \u00e9 maltratado, fazendo das doen\u00e7as cardiovasculares (DCVs) a principal causa de morte no pa\u00eds\u201d, diz Ricardo Pavanello, presidente da edi\u00e7\u00e3o 2025 do congresso e um dos idealizadores da nova proposta da Arena ESG. \u201cO domo geod\u00e9sico est\u00e1 ligado a conceitos como harmonia, unidade, prote\u00e7\u00e3o e espiritualidade. E precisamos dessa conex\u00e3o para viver em um planeta saud\u00e1vel.\u201d<\/p>\n\n\n\n<p>Pontos de discuss\u00e3o<\/p>\n\n\n\n<p>A polui\u00e7\u00e3o atmosf\u00e9rica estar\u00e1 entre as pautas que ser\u00e3o debatidas. Estudos comprovam que o ar polu\u00eddo \u00e9 o quarto fator de risco mais relevante para pacientes com DCV manifesta. De acordo com a **Organiza\u00e7\u00e3o Mundial da Sa\u00fade (OMS), mais de 20% das mortes cardiovasculares s\u00e3o provocadas por poluentes.&nbsp; A exposi\u00e7\u00e3o a esses agentes \u2013 mesmo que a curto prazo \u2013 tende a aumentar a probabilidade de ataque card\u00edaco, acidente vascular cerebral (AVC), arritmias e insufici\u00eancia card\u00edaca em suscet\u00edveis, como idosos.&nbsp;<\/p>\n\n\n\n<p>No tocante aos aspectos social e de governan\u00e7a, a falta de saneamento b\u00e1sico est\u00e1 associada a um crescimento de doen\u00e7as infecciosas, especialmente as de veicula\u00e7\u00e3o h\u00eddrica, como diarreias, hepatite A, leptospirose e febre tifoide, entre outras. Tais patologias t\u00eam potencial para agravar o estado geral daqueles com comorbidades, inclusive ampliando a vulnerabilidade a outras condi\u00e7\u00f5es cr\u00f4nicas, como as DCVs.&nbsp;<\/p>\n\n\n\n<p>Al\u00e9m disso, a escassez de recursos ou de informa\u00e7\u00e3o\/esclarecimento pode influenciar negativamente nos tratamentos, fundamentais para controlar ou afastar danos ao sistema cardiovascular. Segundo as Diretrizes Brasileiras de Hipertens\u00e3o Arterial (2020), quest\u00f5es sociodemogr\u00e1ficas, como baixa escolaridade e renda, pouco acesso a transporte e moradia em zona rural, prejudicam tratamentos contra DCVs. Da mesma forma, a distribui\u00e7\u00e3o prec\u00e1ria de medicamentos gratuitos e o custo de aquisi\u00e7\u00e3o, efeitos colaterais e o fato de a terapia ser cont\u00ednua e prolongada s\u00e3o gatilhos para a n\u00e3o ades\u00e3o ou continuidade das terapias.&nbsp;<\/p>\n\n\n\n<p>Entre os temas j\u00e1 estabelecidos para palestras e debates na Arena ESG est\u00e3o: \u201cOs 17 Objetivos de Desenvolvimento Sustent\u00e1vel (ODS)\u201d; \u201cA qualidade do ar em S\u00e3o Paulo (O impacto sobre doen\u00e7as cardiorrespirat\u00f3rias e oncol\u00f3gicas): meio ambiente e qualidade de vida\u201d; \u201cPr\u00e1tica de exerc\u00edcios nas grandes cidades: como e onde fazer\u201d; \u201cImplementa\u00e7\u00e3o da Agenda ESG nas corpora\u00e7\u00f5es no Brasil\u201d e o talk show \u201cRes\u00edduos e Reciclagem \u2013 Sa\u00fade Ambiental\u201d.<\/p>\n\n\n\n<p>Para o presidente do Congresso da SOCESP, a promo\u00e7\u00e3o da agenda ESG vinculada \u00e0 cardiologia \u00e9 uma quest\u00e3o de sa\u00fade p\u00fablica. \u201cPrecisamos discutir os valores ESG de forma profunda e n\u00e3o somente entre m\u00e9dicos e profissionais da \u00e1rea, mas com toda a sociedade. O caminho n\u00e3o \u00e9 f\u00e1cil e s\u00f3 sairemos dessa encruzilhada de forma coletiva\u201d, afirma Pavanello.<\/p>\n\n\n\n<p>O Congresso da SOCESP acontece nos dias 19, 20 e 21 de junho, no Transamerica Expo Center, em S\u00e3o Paulo. <\/p>\n\n\n\n<p>Mais informa\u00e7\u00f5es: https:\/\/socesp2025.com.br\/<\/p>\n\n\n\n<p><\/p>\n","protected":false},"excerpt":{"rendered":"<p>SOCESP estrutura espa\u00e7o espec\u00edfico para pautas ESG em seu congresso anual Entidade quer refor\u00e7ar correla\u00e7\u00e3o entre os temas ambientais, sociais e de governan\u00e7a e doen\u00e7as cardiovasculares, mostrando que, ao investir neste trip\u00e9, investe-se tamb\u00e9m na sa\u00fade do cora\u00e7\u00e3o. O Congresso da SOCESP acontece nos dias 19, 20 e 21 de junho, no Transamerica Expo Center, [&hellip;]<\/p>\n","protected":false},"author":3,"featured_media":4739,"comment_status":"open","ping_status":"open","sticky":false,"template":"","format":"standard","meta":{"footnotes":""},"categories":[23],"tags":[],"class_list":{"0":"post-4738","1":"post","2":"type-post","3":"status-publish","4":"format-standard","5":"has-post-thumbnail","7":"category-feirasdenegocios"},"_links":{"self":[{"href":"https:\/\/tveventos.tv.br\/index.php?rest_route=\/wp\/v2\/posts\/4738","targetHints":{"allow":["GET"]}}],"collection":[{"href":"https:\/\/tveventos.tv.br\/index.php?rest_route=\/wp\/v2\/posts"}],"about":[{"href":"https:\/\/tveventos.tv.br\/index.php?rest_route=\/wp\/v2\/types\/post"}],"author":[{"embeddable":true,"href":"https:\/\/tveventos.tv.br\/index.php?rest_route=\/wp\/v2\/users\/3"}],"replies":[{"embeddable":true,"href":"https:\/\/tveventos.tv.br\/index.php?rest_route=%2Fwp%2Fv2%2Fcomments&post=4738"}],"version-history":[{"count":1,"href":"https:\/\/tveventos.tv.br\/index.php?rest_route=\/wp\/v2\/posts\/4738\/revisions"}],"predecessor-version":[{"id":4740,"href":"https:\/\/tveventos.tv.br\/index.php?rest_route=\/wp\/v2\/posts\/4738\/revisions\/4740"}],"wp:featuredmedia":[{"embeddable":true,"href":"https:\/\/tveventos.tv.br\/index.php?rest_route=\/wp\/v2\/media\/4739"}],"wp:attachment":[{"href":"https:\/\/tveventos.tv.br\/index.php?rest_route=%2Fwp%2Fv2%2Fmedia&parent=4738"}],"wp:term":[{"taxonomy":"category","embeddable":true,"href":"https:\/\/tveventos.tv.br\/index.php?rest_route=%2Fwp%2Fv2%2Fcategories&post=4738"},{"taxonomy":"post_tag","embeddable":true,"href":"https:\/\/tveventos.tv.br\/index.php?rest_route=%2Fwp%2Fv2%2Ftags&post=4738"}],"curies":[{"name":"wp","href":"https:\/\/api.w.org\/{rel}","templated":true}]}}