{"id":4741,"date":"2025-06-23T15:17:05","date_gmt":"2025-06-23T18:17:05","guid":{"rendered":"https:\/\/tveventos.tv.br\/?p=4741"},"modified":"2025-06-23T15:17:06","modified_gmt":"2025-06-23T18:17:06","slug":"eletrocar-show","status":"publish","type":"post","link":"https:\/\/tveventos.tv.br\/?p=4741","title":{"rendered":"ELETROCAR SHOW"},"content":{"rendered":"\n<p>A Eletrocar Show 2025 \u00e9 uma nova feira dedicada \u00e0 mobilidade el\u00e9trica, organizada pelo Grupo Eletrolar All Connected, realizada simultaneamente \u00e0 Eletrolar Show, no espa\u00e7o do Distrito Anhembi em S\u00e3o Paulo, entre os dias\u202f23 e\u202f26 de junho. Ocupando cerca de 12.000\u202fm\u00b2, o evento foi pensado para reunir players do setor montadoras, startups, investidores e profissionais de frotas em busca de solu\u00e7\u00f5es eficazes e inova\u00e7\u00e3o aplicada ao mercado B2B.<\/p>\n\n\n\n<p>A programa\u00e7\u00e3o oferece apresenta\u00e7\u00f5es comerciais intensas: test-drives e test-rides em pista, estandes interativos com lan\u00e7amentos de ve\u00edculos el\u00e9tricos e h\u00edbridos, pain\u00e9is t\u00e9cnicos e workshops. Dentre os principais destaques est\u00e3o marcas como Farizon (division do grupo Geely) com seus ve\u00edculos comerciais el\u00e9tricos; LECAR com o coup\u00e9 h\u00edbrido LECAR\u202f459 e a picape h\u00edbrida flex LECAR\u202fCAMPO; WEG com infraestruturas de recarga ultrarr\u00e1pida; al\u00e9m de Yala, com sua linha de motos urbanas el\u00e9tricas.<\/p>\n\n\n\n<p>O espa\u00e7o tamb\u00e9m abriga diversas empresas de recarga e infraestrutura, como Kamai, On\u2011Charge, Zeta Uno, Riseon, Teison e Autarcia, al\u00e9m de startups e fornecedores de componentes para baterias e energia solar.<\/p>\n\n\n\n<p>Al\u00e9m da exposi\u00e7\u00e3o de equipamentos e tecnologias, haver\u00e1 um \u201cF\u00f3rum Eletrocar\u201d com f\u00f3runs para discutir desde estrat\u00e9gias de implementa\u00e7\u00e3o de frotas at\u00e9 pol\u00edticas p\u00fablicas e treinamento para mec\u00e2nicos e gestores. O objetivo principal \u00e9 criar um ambiente prop\u00edcio ao fechamento de neg\u00f3cios e \u00e0 troca de conhecimentos, atendendo a executivos, gestores de ESG, concession\u00e1rias, locadoras, autoridades e investidores.<\/p>\n\n\n\n<p>A expectativa \u00e9 atrair milhares de visitantes nos quatro dias de evento, consolidando o Eletrocar como um ponto de encontro estrat\u00e9gico com foco em rela\u00e7\u00f5es comerciais, novas tecnologias e expans\u00e3o da mobilidade el\u00e9trica no Brasil&nbsp;Se quiser saber sobre ingressos, programa\u00e7\u00e3o detalhada, acesso para p\u00fablico ou credenciamento profissional, posso trazer mais informa\u00e7\u00f5es.<\/p>\n\n\n\n<p>Junte-se a n\u00f3s nos dias 23 a 26 de junho, das 13h \u00e0s 21h no Distrito Anhembi<\/p>\n\n\n\n<p>Endere\u00e7o: Avenida Olavo Fontoura, N\u00b0 1. 209\/Santana, S\u00e3o Paulo, SP, 02012-021<br><\/p>\n\n\n\n<p>\u00a0<br><\/p>\n","protected":false},"excerpt":{"rendered":"<p>A Eletrocar Show 2025 \u00e9 uma nova feira dedicada \u00e0 mobilidade el\u00e9trica, organizada pelo Grupo Eletrolar All Connected, realizada simultaneamente \u00e0 Eletrolar Show, no espa\u00e7o do Distrito Anhembi em S\u00e3o Paulo, entre os dias\u202f23 e\u202f26 de junho. Ocupando cerca de 12.000\u202fm\u00b2, o evento foi pensado para reunir players do setor montadoras, startups, investidores e profissionais [&hellip;]<\/p>\n","protected":false},"author":3,"featured_media":4742,"comment_status":"open","ping_status":"open","sticky":false,"template":"","format":"standard","meta":{"footnotes":""},"categories":[25],"tags":[],"class_list":{"0":"post-4741","1":"post","2":"type-post","3":"status-publish","4":"format-standard","5":"has-post-thumbnail","7":"category-calendariodeeventos"},"_links":{"self":[{"href":"https:\/\/tveventos.tv.br\/index.php?rest_route=\/wp\/v2\/posts\/4741","targetHints":{"allow":["GET"]}}],"collection":[{"href":"https:\/\/tveventos.tv.br\/index.php?rest_route=\/wp\/v2\/posts"}],"about":[{"href":"https:\/\/tveventos.tv.br\/index.php?rest_route=\/wp\/v2\/types\/post"}],"author":[{"embeddable":true,"href":"https:\/\/tveventos.tv.br\/index.php?rest_route=\/wp\/v2\/users\/3"}],"replies":[{"embeddable":true,"href":"https:\/\/tveventos.tv.br\/index.php?rest_route=%2Fwp%2Fv2%2Fcomments&post=4741"}],"version-history":[{"count":1,"href":"https:\/\/tveventos.tv.br\/index.php?rest_route=\/wp\/v2\/posts\/4741\/revisions"}],"predecessor-version":[{"id":4743,"href":"https:\/\/tveventos.tv.br\/index.php?rest_route=\/wp\/v2\/posts\/4741\/revisions\/4743"}],"wp:featuredmedia":[{"embeddable":true,"href":"https:\/\/tveventos.tv.br\/index.php?rest_route=\/wp\/v2\/media\/4742"}],"wp:attachment":[{"href":"https:\/\/tveventos.tv.br\/index.php?rest_route=%2Fwp%2Fv2%2Fmedia&parent=4741"}],"wp:term":[{"taxonomy":"category","embeddable":true,"href":"https:\/\/tveventos.tv.br\/index.php?rest_route=%2Fwp%2Fv2%2Fcategories&post=4741"},{"taxonomy":"post_tag","embeddable":true,"href":"https:\/\/tveventos.tv.br\/index.php?rest_route=%2Fwp%2Fv2%2Ftags&post=4741"}],"curies":[{"name":"wp","href":"https:\/\/api.w.org\/{rel}","templated":true}]}}