{"id":4744,"date":"2025-06-23T15:29:53","date_gmt":"2025-06-23T18:29:53","guid":{"rendered":"https:\/\/tveventos.tv.br\/?p=4744"},"modified":"2025-06-23T15:29:54","modified_gmt":"2025-06-23T18:29:54","slug":"fispal-tecnologia-2","status":"publish","type":"post","link":"https:\/\/tveventos.tv.br\/?p=4744","title":{"rendered":"FISPAL TECNOLOGIA"},"content":{"rendered":"\n<p>A Fispal Tecnologia 2025 acontece de 24 a 27 de junho no S\u00e3o Paulo Expo, apresentando-se como a maior plataforma do segmento de tecnologia para ind\u00fastrias de alimentos e bebidas na Am\u00e9rica do Sul. Com estimativa de reunir mais de 42\u202f000 visitantes, cerca de 400 expositores e uma \u00e1rea de exposi\u00e7\u00e3o de 47\u202f000\u202fm\u00b2, o evento apresenta mais de 130 horas de conte\u00fado t\u00e9cnico, englobando o que h\u00e1 de mais moderno em automa\u00e7\u00e3o, log\u00edstica, processos e embalagens.<\/p>\n\n\n\n<p>Durante os quatro dias, profissionais do setor poder\u00e3o visitar estandes de empresas renomadas, conhecer solu\u00e7\u00f5es inovadoras para otimiza\u00e7\u00e3o de linhas de produ\u00e7\u00e3o, integrar-se a plataformas digitais e se conectar ao longo de todo o ano pelo ecossistema digital da feira, a plataforma digital Fispal Tec. O congresso \u201cO Novo DNA da Ind\u00fastria Alimentar\u201d promete trazer pain\u00e9is e discuss\u00f5es sobre sustentabilidade, efici\u00eancia e impacto, alinhando tend\u00eancias emergentes com estrat\u00e9gias de mercado.<\/p>\n\n\n\n<p>Organizada pela Informa Markets, a edi\u00e7\u00e3o 2025 reafirma a for\u00e7a da Fispal como ponto de encontro anual imprescind\u00edvel para compradores, fornecedores, pesquisadores, consultores e gestores. O formato h\u00edbrido, presencial e digital, favorece o desenvolvimento de neg\u00f3cios que ultrapassam os limites geogr\u00e1ficos, incentivando relacionamentos de longo prazo. A presen\u00e7a de expositores globais refor\u00e7a a voca\u00e7\u00e3o internacional da feira, enquanto solu\u00e7\u00f5es para economias circulares e pr\u00e1ticas sustent\u00e1veis ganham espa\u00e7o central.<\/p>\n\n\n\n<p>A programa\u00e7\u00e3o ainda inclui oportunidades de intera\u00e7\u00e3o direta com fornecedores e consultores especializados, semin\u00e1rios t\u00e9cnicos, workshops dirigidos a gestores de produ\u00e7\u00e3o e p\u00fablico estrat\u00e9gico, al\u00e9m de mostrar tend\u00eancias futuras como ind\u00fastria 4.0, intelig\u00eancia artificial aplicada \u00e0 ind\u00fastria de alimentos e digitaliza\u00e7\u00e3o de processos. \u00c9 uma vitrine completa para profissionais que buscam estar \u00e0 frente e interagir com tecnologias que moldam o presente e o futuro do setor.<\/p>\n\n\n\n<p>Junte-se a n\u00f3s nos dias 24 a 27 de junho, das 13h \u00e0s 20h no S\u00e3o Paulo Expo<\/p>\n\n\n\n<p>Endere\u00e7o: Rod. dos Imigrantes 5, S\/N, km. 1, S\u00e3o Paulo, SP, 04329-900\u00a0<br><\/p>\n","protected":false},"excerpt":{"rendered":"<p>A Fispal Tecnologia 2025 acontece de 24 a 27 de junho no S\u00e3o Paulo Expo, apresentando-se como a maior plataforma do segmento de tecnologia para ind\u00fastrias de alimentos e bebidas na Am\u00e9rica do Sul. Com estimativa de reunir mais de 42\u202f000 visitantes, cerca de 400 expositores e uma \u00e1rea de exposi\u00e7\u00e3o de 47\u202f000\u202fm\u00b2, o evento [&hellip;]<\/p>\n","protected":false},"author":3,"featured_media":4745,"comment_status":"open","ping_status":"open","sticky":false,"template":"","format":"standard","meta":{"footnotes":""},"categories":[25],"tags":[],"class_list":{"0":"post-4744","1":"post","2":"type-post","3":"status-publish","4":"format-standard","5":"has-post-thumbnail","7":"category-calendariodeeventos"},"_links":{"self":[{"href":"https:\/\/tveventos.tv.br\/index.php?rest_route=\/wp\/v2\/posts\/4744","targetHints":{"allow":["GET"]}}],"collection":[{"href":"https:\/\/tveventos.tv.br\/index.php?rest_route=\/wp\/v2\/posts"}],"about":[{"href":"https:\/\/tveventos.tv.br\/index.php?rest_route=\/wp\/v2\/types\/post"}],"author":[{"embeddable":true,"href":"https:\/\/tveventos.tv.br\/index.php?rest_route=\/wp\/v2\/users\/3"}],"replies":[{"embeddable":true,"href":"https:\/\/tveventos.tv.br\/index.php?rest_route=%2Fwp%2Fv2%2Fcomments&post=4744"}],"version-history":[{"count":1,"href":"https:\/\/tveventos.tv.br\/index.php?rest_route=\/wp\/v2\/posts\/4744\/revisions"}],"predecessor-version":[{"id":4746,"href":"https:\/\/tveventos.tv.br\/index.php?rest_route=\/wp\/v2\/posts\/4744\/revisions\/4746"}],"wp:featuredmedia":[{"embeddable":true,"href":"https:\/\/tveventos.tv.br\/index.php?rest_route=\/wp\/v2\/media\/4745"}],"wp:attachment":[{"href":"https:\/\/tveventos.tv.br\/index.php?rest_route=%2Fwp%2Fv2%2Fmedia&parent=4744"}],"wp:term":[{"taxonomy":"category","embeddable":true,"href":"https:\/\/tveventos.tv.br\/index.php?rest_route=%2Fwp%2Fv2%2Fcategories&post=4744"},{"taxonomy":"post_tag","embeddable":true,"href":"https:\/\/tveventos.tv.br\/index.php?rest_route=%2Fwp%2Fv2%2Ftags&post=4744"}],"curies":[{"name":"wp","href":"https:\/\/api.w.org\/{rel}","templated":true}]}}