{"id":4747,"date":"2025-06-24T14:34:40","date_gmt":"2025-06-24T17:34:40","guid":{"rendered":"https:\/\/tveventos.tv.br\/?p=4747"},"modified":"2025-06-24T14:34:42","modified_gmt":"2025-06-24T17:34:42","slug":"cbtd-2025","status":"publish","type":"post","link":"https:\/\/tveventos.tv.br\/?p=4747","title":{"rendered":"CBTD 2025"},"content":{"rendered":"\n<p>O CBTD 2025, Congresso Brasileiro de Treinamento e Desenvolvimento, \u00e9 considerado o maior evento da Am\u00e9rica Latina voltado para profissionais de T&amp;D, recursos humanos, educa\u00e7\u00e3o corporativa e desenvolvimento de pessoas. Organizado pela ABTD, a edi\u00e7\u00e3o de 2025 acontece entre os dias 25 e 27 de junho no Centro de Eventos Pro Magno, em S\u00e3o Paulo, e marca a 40\u00aa edi\u00e7\u00e3o do congresso. O evento tem como caracter\u00edstica principal unir conte\u00fado de alta qualidade, experi\u00eancias pr\u00e1ticas e uma grande feira de neg\u00f3cios, tudo em um mesmo ambiente.<\/p>\n\n\n\n<p>Durante os tr\u00eas dias, os participantes poder\u00e3o vivenciar uma programa\u00e7\u00e3o intensa e diversificada, que inclui desde palestras tradicionais com especialistas renomados at\u00e9 salas de experi\u00eancias que oferecem momentos imersivos de aprendizado pr\u00e1tico. A proposta do CBTD \u00e9 proporcionar desenvolvimento profissional de forma profunda, abordando temas como lideran\u00e7a, gamifica\u00e7\u00e3o, soft skills, cultura de mentoring, ROI de treinamentos, neuroci\u00eancia aplicada \u00e0 gest\u00e3o emocional, microlearning e inova\u00e7\u00e3o na educa\u00e7\u00e3o corporativa. Al\u00e9m disso, a feira Expo CBTD traz mais de 100 expositores com solu\u00e7\u00f5es, ferramentas e servi\u00e7os voltados para o universo do T&amp;D, criando oportunidades de networking, demonstra\u00e7\u00f5es, atividades livres e conex\u00f5es estrat\u00e9gicas para quem visita o espa\u00e7o.<\/p>\n\n\n\n<p>Os visitantes podem participar gratuitamente da Expo e da plataforma digital, mas quem opta por ingressar como congressista tem acesso completo \u00e0 programa\u00e7\u00e3o, incluindo as plen\u00e1rias principais, salas de experi\u00eancia, trilhas t\u00e9cnicas, al\u00e9m de benef\u00edcios como kits personalizados, espa\u00e7o de alimenta\u00e7\u00e3o e certifica\u00e7\u00e3o. Grandes nomes j\u00e1 est\u00e3o confirmados para as plen\u00e1rias, como Britt Andreatta, especialista em neuroci\u00eancia e lideran\u00e7a, e outros palestrantes como Mafoane Odara, Marcelo Marrom, Marcos Piangers e Luiza Possi, que somam conte\u00fado, emo\u00e7\u00e3o e inspira\u00e7\u00e3o.<\/p>\n\n\n\n<p>Com expectativa de receber mais de oito mil pessoas e contar com mais de cem marcas expositoras, o CBTD 2025 se firma como um evento estrat\u00e9gico para todos que buscam atualiza\u00e7\u00e3o, conex\u00f5es profissionais e novas perspectivas sobre desenvolvimento humano e organizacional. \u00c9 um ambiente que mistura conhecimento t\u00e9cnico, inova\u00e7\u00e3o e viv\u00eancias transformadoras em um s\u00f3 lugar.<\/p>\n\n\n\n<p>Junte-se a n\u00f3s nos dias 25 a 27 de junho, das 8h30 \u00e0s 19h no Centro de eventos Pro Magno<\/p>\n\n\n\n<p>Endere\u00e7o: Avenida Professora Ida Kolb 513, S\u00e3o Paulo, S\u00e3o Paulo, 02518-000<\/p>\n\n\n\n<p><\/p>\n","protected":false},"excerpt":{"rendered":"<p>O CBTD 2025, Congresso Brasileiro de Treinamento e Desenvolvimento, \u00e9 considerado o maior evento da Am\u00e9rica Latina voltado para profissionais de T&amp;D, recursos humanos, educa\u00e7\u00e3o corporativa e desenvolvimento de pessoas. Organizado pela ABTD, a edi\u00e7\u00e3o de 2025 acontece entre os dias 25 e 27 de junho no Centro de Eventos Pro Magno, em S\u00e3o Paulo, [&hellip;]<\/p>\n","protected":false},"author":3,"featured_media":4748,"comment_status":"open","ping_status":"open","sticky":false,"template":"","format":"standard","meta":{"footnotes":""},"categories":[25],"tags":[],"class_list":{"0":"post-4747","1":"post","2":"type-post","3":"status-publish","4":"format-standard","5":"has-post-thumbnail","7":"category-calendariodeeventos"},"_links":{"self":[{"href":"https:\/\/tveventos.tv.br\/index.php?rest_route=\/wp\/v2\/posts\/4747","targetHints":{"allow":["GET"]}}],"collection":[{"href":"https:\/\/tveventos.tv.br\/index.php?rest_route=\/wp\/v2\/posts"}],"about":[{"href":"https:\/\/tveventos.tv.br\/index.php?rest_route=\/wp\/v2\/types\/post"}],"author":[{"embeddable":true,"href":"https:\/\/tveventos.tv.br\/index.php?rest_route=\/wp\/v2\/users\/3"}],"replies":[{"embeddable":true,"href":"https:\/\/tveventos.tv.br\/index.php?rest_route=%2Fwp%2Fv2%2Fcomments&post=4747"}],"version-history":[{"count":1,"href":"https:\/\/tveventos.tv.br\/index.php?rest_route=\/wp\/v2\/posts\/4747\/revisions"}],"predecessor-version":[{"id":4749,"href":"https:\/\/tveventos.tv.br\/index.php?rest_route=\/wp\/v2\/posts\/4747\/revisions\/4749"}],"wp:featuredmedia":[{"embeddable":true,"href":"https:\/\/tveventos.tv.br\/index.php?rest_route=\/wp\/v2\/media\/4748"}],"wp:attachment":[{"href":"https:\/\/tveventos.tv.br\/index.php?rest_route=%2Fwp%2Fv2%2Fmedia&parent=4747"}],"wp:term":[{"taxonomy":"category","embeddable":true,"href":"https:\/\/tveventos.tv.br\/index.php?rest_route=%2Fwp%2Fv2%2Fcategories&post=4747"},{"taxonomy":"post_tag","embeddable":true,"href":"https:\/\/tveventos.tv.br\/index.php?rest_route=%2Fwp%2Fv2%2Ftags&post=4747"}],"curies":[{"name":"wp","href":"https:\/\/api.w.org\/{rel}","templated":true}]}}