{"id":4750,"date":"2025-06-26T10:39:06","date_gmt":"2025-06-26T13:39:06","guid":{"rendered":"https:\/\/tveventos.tv.br\/?p=4750"},"modified":"2025-06-26T10:39:07","modified_gmt":"2025-06-26T13:39:07","slug":"esta-aberto-o-credenciamento-para-a-in-cosmetics-latin-america","status":"publish","type":"post","link":"https:\/\/tveventos.tv.br\/?p=4750","title":{"rendered":"Est\u00e1 aberto o credenciamento para a in-cosmetics Latin America"},"content":{"rendered":"\n<p><em>Evento, que destacar\u00e1 como a ind\u00fastria de cosm\u00e9ticos tem acompanhado a beleza em evolu\u00e7\u00e3o como tema, anuncia crescimento de 11% no n\u00famero de expositores<\/em><\/p>\n\n\n\n<p>Profissionais da ind\u00fastria cosm\u00e9tica com interesse em conhecer as novas ferramentas de intelig\u00eancia artificial que dever\u00e3o impulsionar a produ\u00e7\u00e3o, avan\u00e7os em bio e nanotecnologia e lan\u00e7amentos de formula\u00e7\u00f5es e ativos sustent\u00e1veis j\u00e1 podem fazer o credenciamento para a in-cosmetics Latin America 2025. O evento, que ser\u00e1 nos dias 23 e 24 de setembro, no Expo Center Norte, em S\u00e3o Paulo, est\u00e1 com inscri\u00e7\u00f5es abertas desde a segunda-feira (16).<\/p>\n\n\n\n<p>Considerada refer\u00eancia na Am\u00e9rica Latina, a feira 100% dedicada a mat\u00e9rias-primas e ingredientes, \u00e9 reconhecida por conectar p\u00fablico qualificado a marcas de atua\u00e7\u00e3o em n\u00edveis nacional e global, para apresenta\u00e7\u00e3o de novidades e tend\u00eancias do mercado de beleza e cuidados pessoais, bem como de servi\u00e7os e tecnologias. E inova\u00e7\u00e3o ser\u00e1 a t\u00f4nica desta edi\u00e7\u00e3o, segundo a RX, empresa organizadora do evento.<\/p>\n\n\n\n<p>\u201cNa in-cosmetics Latin America, temos adiantado as transforma\u00e7\u00f5es na \u00faltima d\u00e9cada. Exemplos, as ferramentas de IA empregadas em diferentes etapas da cadeia produtiva, desde a pesquisa de informa\u00e7\u00f5es ao desenvolvimento de produtos, que t\u00eam gerado novas possibilidades de resultados com rapidez e assertividade, possibilitando novos rumos ao setor. A feira \u00e9 uma vitrine dessas mudan\u00e7as, por isso o tema da edi\u00e7\u00e3o ser\u00e1 \u2018A beleza em evolu\u00e7\u00e3o\u00b4\u201d, conta Ana Beatriz Elia, head da in-cosmetics Latin America.<\/p>\n\n\n\n<p>A executiva ainda acrescenta \u201cvemos, a cada ano, novas cria\u00e7\u00f5es impulsionando o mercado, como produtos em microc\u00e1psulas, shampoos em folha, s\u00f3 para citar alguns exemplos, bem como o avan\u00e7o de nanotecnologia, muitas das novidades lan\u00e7adas no evento\u201d.<\/p>\n\n\n\n<p>O fomento ao setor \u00e9 o principal objetivo da feira, que a cada edi\u00e7\u00e3o traz novas oportunidades de conhecer os principais destaques do ano, sendo alguns deles premiados em categorias ativos, funcionais e sustentabilidade, e de ampliar relacionamentos e neg\u00f3cios.<\/p>\n\n\n\n<p>\u201cAl\u00e9m dos lan\u00e7amentos desenvolvidos nos \u00faltimos seis meses que antecedem a feira e comp\u00f5em uma das nossas atra\u00e7\u00f5es, a Innovation Zone, algumas novidades apresentadas na in-cosmetics Global, no primeiro semestre, tamb\u00e9m poder\u00e3o ser conferidas na edi\u00e7\u00e3o latino-americana. Isso mostra que o mercado est\u00e1 cada vez mais conectado.\u201d, revela a gestora.<\/p>\n\n\n\n<p>Na edi\u00e7\u00e3o Global, a Voll Caps Care, tecnologia microencapsulada com aditivos biodegrad\u00e1veis, ecofriendly, com fragr\u00e2ncia 24 horas da Vollmens; a nCaffeine Complex, da Nanoscoping \u2013 Solu\u00e7\u00f5es em Nanotecnologia, um ingrediente ativo, tamb\u00e9m tecnologia microencapsulada, feito com blend que leva caf\u00e9 na composi\u00e7\u00e3o. Traz propriedades para tratamento de celulite e gorduras localizadas; e o Hidrahair\u00ae Seal SE, da Chemyunion, Inc., ingrediente biologicamente fermentado, que atua nos cuidados capilares, proporcionando redu\u00e7\u00e3o em 97% das pontas duplas ap\u00f3s tratamento inicial e mant\u00e9m 83% reparadas ap\u00f3s 48 horas, foram alguns dos destaques de expositoras que participam da in-cosmetics Latin America.<\/p>\n\n\n\n<p><strong>Crescimento de p\u00fablico e expositores<\/strong><\/p>\n\n\n\n<p>Vale destacar, tamb\u00e9m, que a in-cosmetics Latin America vem apresentando crescimento de p\u00fablico e de expositores a cada ano. Para a edi\u00e7\u00e3o 2025, a organiza\u00e7\u00e3o j\u00e1 contabiliza aumento de 11% no n\u00famero de marcas em compara\u00e7\u00e3o com o ano passado, quando reuniu mais de 230 players e 6 mil visitantes \u00fanicos qualificados nacionais e internacionais, o que resulta em novos representantes, maior n\u00famero de lan\u00e7amentos e de possibilidades de neg\u00f3cios e parcerias.<\/p>\n\n\n\n<p>Al\u00e9m disso, empresas que s\u00e3o refer\u00eancia est\u00e3o confirmadas, como a BASF, que trar\u00e1 solu\u00e7\u00f5es com foco em tecnologia e intelig\u00eancia artificial, GREENTECH Brasil, pioneira em biotecnologia e ativos naturais, a KOBO, com mais de 35 anos no mercado de formula\u00e7\u00f5es e a Lubrizol Life Science, empresa global focada no desenvolvimento de solu\u00e7\u00f5es para bem-estar.<\/p>\n\n\n\n<p>O setor de cuidados com os cabelos tamb\u00e9m ser\u00e1 um dos destaques. At\u00e9 o momento, s\u00e3o mais de 25 marcas expositoras, como a Focus Qu\u00edmica, importadora e distribuidora de corantes capilares, ceras, \u00f3leos e outra solu\u00e7\u00f5es, Innospec, fabricante global, que levar\u00e1 desde folhas de shampoo descart\u00e1veis, at\u00e9 cuidados revitalizantes do couro cabeludo e a Lipo True, respons\u00e1vel por produzir prote\u00edna sint\u00e9tica.<\/p>\n\n\n\n<p>O credenciamento da in-cosmetics Latin Am\u00e9rica est\u00e1 dispon\u00edvel no site: <a href=\"https:\/\/www.in-cosmetics.com\/latin-america\/\">https:\/\/www.in-cosmetics.com\/latin-america\/<\/a>.<\/p>\n\n\n\n<p><br><strong>in-cosmetics Latin America<\/strong><br><strong>Data:<\/strong> 23 e 24 de setembro<br><strong>Local: <\/strong>Expo Center Norte<br>Rua Jos\u00e9 Bernardo Pinto, 333<br>Vila Guilherme &#8211; S\u00e3o Paulo\/SP<br>Informa\u00e7\u00f5es e credenciamento em: https:\/\/www.in-cosmetics.com\/latin-america\/pt-br.html<\/p>\n\n\n\n<p><\/p>\n","protected":false},"excerpt":{"rendered":"<p>Evento, que destacar\u00e1 como a ind\u00fastria de cosm\u00e9ticos tem acompanhado a beleza em evolu\u00e7\u00e3o como tema, anuncia crescimento de 11% no n\u00famero de expositores Profissionais da ind\u00fastria cosm\u00e9tica com interesse em conhecer as novas ferramentas de intelig\u00eancia artificial que dever\u00e3o impulsionar a produ\u00e7\u00e3o, avan\u00e7os em bio e nanotecnologia e lan\u00e7amentos de formula\u00e7\u00f5es e ativos sustent\u00e1veis [&hellip;]<\/p>\n","protected":false},"author":3,"featured_media":4751,"comment_status":"open","ping_status":"open","sticky":false,"template":"","format":"standard","meta":{"footnotes":""},"categories":[23],"tags":[],"class_list":{"0":"post-4750","1":"post","2":"type-post","3":"status-publish","4":"format-standard","5":"has-post-thumbnail","7":"category-feirasdenegocios"},"_links":{"self":[{"href":"https:\/\/tveventos.tv.br\/index.php?rest_route=\/wp\/v2\/posts\/4750","targetHints":{"allow":["GET"]}}],"collection":[{"href":"https:\/\/tveventos.tv.br\/index.php?rest_route=\/wp\/v2\/posts"}],"about":[{"href":"https:\/\/tveventos.tv.br\/index.php?rest_route=\/wp\/v2\/types\/post"}],"author":[{"embeddable":true,"href":"https:\/\/tveventos.tv.br\/index.php?rest_route=\/wp\/v2\/users\/3"}],"replies":[{"embeddable":true,"href":"https:\/\/tveventos.tv.br\/index.php?rest_route=%2Fwp%2Fv2%2Fcomments&post=4750"}],"version-history":[{"count":1,"href":"https:\/\/tveventos.tv.br\/index.php?rest_route=\/wp\/v2\/posts\/4750\/revisions"}],"predecessor-version":[{"id":4752,"href":"https:\/\/tveventos.tv.br\/index.php?rest_route=\/wp\/v2\/posts\/4750\/revisions\/4752"}],"wp:featuredmedia":[{"embeddable":true,"href":"https:\/\/tveventos.tv.br\/index.php?rest_route=\/wp\/v2\/media\/4751"}],"wp:attachment":[{"href":"https:\/\/tveventos.tv.br\/index.php?rest_route=%2Fwp%2Fv2%2Fmedia&parent=4750"}],"wp:term":[{"taxonomy":"category","embeddable":true,"href":"https:\/\/tveventos.tv.br\/index.php?rest_route=%2Fwp%2Fv2%2Fcategories&post=4750"},{"taxonomy":"post_tag","embeddable":true,"href":"https:\/\/tveventos.tv.br\/index.php?rest_route=%2Fwp%2Fv2%2Ftags&post=4750"}],"curies":[{"name":"wp","href":"https:\/\/api.w.org\/{rel}","templated":true}]}}