{"id":4755,"date":"2025-06-30T13:48:26","date_gmt":"2025-06-30T16:48:26","guid":{"rendered":"https:\/\/tveventos.tv.br\/?p=4755"},"modified":"2025-06-30T18:51:33","modified_gmt":"2025-06-30T21:51:33","slug":"mega-artesanal-anuncia-edicao-2025","status":"publish","type":"post","link":"https:\/\/tveventos.tv.br\/?p=4755","title":{"rendered":"Mega Artesanal anuncia edi\u00e7\u00e3o 2025"},"content":{"rendered":"\n<p>Maior feira da cadeia produtiva do Artesanato na Am\u00e9rica Latina ser\u00e1 realizada de 5 a 9 de julho, no S\u00e3o Paulo Expo, principal espa\u00e7o de eventos da cidade<\/p>\n\n\n\n<p>A Mega Artesanal, maior feira da Am\u00e9rica Latina voltada para o universo do artesanato e das artes, anuncia a sua pr\u00f3xima edi\u00e7\u00e3o, que acontecer\u00e1 entre os dias 5 e 9 de julho, reunindo expositores da ind\u00fastria, com\u00e9rcio, artes\u00e3os e artistas desse segmento. Voltada para o p\u00fablico B2B (business-to-business) e B2C (business-to-consumer), a Mega Artesanal estima receber cerca de 100 mil visitantes em cinco dias intensos de neg\u00f3cios, lan\u00e7amentos, experi\u00eancias e capacita\u00e7\u00e3o. A feira se consolida como refer\u00eancia no setor e figura entre as 10 maiores feiras de neg\u00f3cios da capital paulista, de acordo com levantamento da UBRAFE (Uni\u00e3o Brasileira das Feiras e Eventos de Neg\u00f3cios).<\/p>\n\n\n\n<p>Entre os mais de 300 expositores esperados, estar\u00e3o presentes grandes marcas como Posca, Brother, Scrap Brasil, Blend Paper, Singer, C\u00edrculo, Fitas Progresso, Feltros Santa F\u00e9 e Linhas Corrente, al\u00e9m de lojistas como Casa da Arte, Casa da Madeira, Bazar Horizonte, ateli\u00eas, artes\u00e3os e artistas que ditam as tend\u00eancias do setor criativo. \u201cEm 2024, o evento superou expectativas ao receber mais de 82 mil pessoas e caravanas de todo o Brasil. A edi\u00e7\u00e3o de 2025 vem com for\u00e7a nos itens de decora\u00e7\u00e3o de festas, artesanato sustent\u00e1vel, costura criativa e na moda artesanal, que ganham protagonismo em novas t\u00e9cnicas e aplica\u00e7\u00f5es e tecnologia, agregando valor ao trabalho artesanal\u201d, ressalta a diretora da WR S\u00e3o Paulo, Rita Mazzotti.<\/p>\n\n\n\n<p>Mais que uma feira, a Mega Artesanal \u00e9 um movimento de valoriza\u00e7\u00e3o da economia criativa e do fazer manual, para todos os sexos e idades. \u201cA Mega est\u00e1 prestes a completar 20 anos de exist\u00eancia. \u00c9 muito mais que uma feira, ela impulsiona o empreendedorismo, transforma vidas e fortalece o ecossistema do artesanato e das artes. O perfil do profissional e entusiastas do artesanato vem mudando bastante. Artesanato n\u00e3o \u00e9 mais s\u00f3 coisa da vov\u00f3 e de mulher. Agora vemos crian\u00e7as, adolescentes e muitos homens gerando renda com o artesanato\u201d, relata Mazzotti. \u201cPara 2025, preparamos novidades que v\u00e3o surpreender o p\u00fablico e promover ainda mais conex\u00f5es. Estamos transformando paix\u00e3o em oportunidades\u201d, finaliza.<\/p>\n\n\n\n<p>A Mega Artesanal disponibilizar\u00e1 milhares de cursos gratuitos, demonstra\u00e7\u00f5es, oficinas, desafios, exposi\u00e7\u00f5es, al\u00e9m de lan\u00e7amentos e tend\u00eancias do setor como maquin\u00e1rios, ferramentas, mat\u00e9ria-prima, t\u00e9cnicas para arte, artesanato e artes manuais. A feira \u00e9 uma excelente oportunidade tanto para quem vive do artesanato quanto para quem deseja aprender, empreender ou simplesmente se encantar com esse universo.<\/p>\n\n\n\n<p>Segundo dados do Sebrae, a cadeia produtiva do artesanato no Brasil movimenta cerca de R$ 100 bilh\u00f5es por ano, representando aproximadamente 3% do Produto Interno Bruto (PIB) do pa\u00eds. Esse setor envolve mais de 8,5 milh\u00f5es de artes\u00e3os espalhados por todas as regi\u00f5es, sendo uma importante fonte de renda e inclus\u00e3o socioprodutiva para milh\u00f5es de fam\u00edlias brasileiras.<\/p>\n\n\n\n<p>Servi\u00e7o<\/p>\n\n\n\n<p>MEGA ARTESANAL 2025<\/p>\n\n\n\n<p>Data: 5 a 9 de julho de 2025<\/p>\n\n\n\n<p>Local: S\u00e3o Paulo Expo (Rodovia dos Imigrantes, Km 1,5, \u00c1gua Funda &#8211; S\u00e3o Paulo\/SP)<\/p>\n\n\n\n<p>Hor\u00e1rios: Das 10h \u00e0s 18h<\/p>\n\n\n\n<p>Ingressos: wrsaopaulo.com.br\/megaartesanal (2\u00ba lote com desconto)<\/p>\n\n\n\n<p>Valores: R$ 50 (inteira) e R$ 25 (meia) at\u00e9 dia 04\/07\/2025. De 05 a 09\/07\/2025 R$ 60 (inteira) e R$ 30 (meia)<\/p>\n\n\n\n<p>Restri\u00e7\u00f5es: Proibida a entrada de menores de 12 anos (exceto lactentes de at\u00e9 2 anos) e animais de estima\u00e7\u00e3o<\/p>\n\n\n\n<p>Vans Gratuitas: Saindo do Metr\u00f4 S\u00e3o Judas<\/p>\n\n\n\n<p>Outros detalhes: wrsaopaulo.com.br\/megaartesanal<\/p>\n\n\n\n<p>Sobre a WR<\/p>\n\n\n\n<p>A WR \u00e9 especializada na promo\u00e7\u00e3o e organiza\u00e7\u00e3o de feiras e congressos, nacionais e internacionais. Em 2003, entrou no setor de arte, artesanato e artes manuais e, desde ent\u00e3o, responde pela realiza\u00e7\u00e3o das principais feiras do setor, com \u00eanfase na oferta de cursos, oficinas e workshops para capacita\u00e7\u00e3o e reciclagem de t\u00e9cnicas e de espa\u00e7os de inspira\u00e7\u00e3o, com exposi\u00e7\u00f5es, simula\u00e7\u00f5es de ambientes, instala\u00e7\u00f5es etc. Integram ainda o calend\u00e1rio de feiras a Artesanal Sul (Porto Alegre\/RS), a Artesanal Nordeste (Olinda\/PE), a Artesanal Centro- Oeste (Goi\u00e2nia\/GO) e a Criativa Campinas (Campinas\/SP).<\/p>\n\n\n\n<p>Informa\u00e7\u00f5es a imprensa<\/p>\n\n\n\n<p>Ana Penteado | (11) 99181-8294<\/p>\n\n\n\n<p>anapenteado@amazonascomunicacao.com.br<\/p>\n\n\n\n<p>Erika Jodas | (11) 99733-4007<\/p>\n\n\n\n<p>mega@amazonascomunicacao.com.br<\/p>\n\n\n\n<p><\/p>\n\n\n\n<p><\/p>\n\n\n\n<p class=\"has-text-align-left\"><\/p>\n\n\n\n<p><\/p>\n","protected":false},"excerpt":{"rendered":"<p>Maior feira da cadeia produtiva do Artesanato na Am\u00e9rica Latina ser\u00e1 realizada de 5 a 9 de julho, no S\u00e3o Paulo Expo, principal espa\u00e7o de eventos da cidade A Mega Artesanal, maior feira da Am\u00e9rica Latina voltada para o universo do artesanato e das artes, anuncia a sua pr\u00f3xima edi\u00e7\u00e3o, que acontecer\u00e1 entre os dias [&hellip;]<\/p>\n","protected":false},"author":3,"featured_media":4756,"comment_status":"open","ping_status":"open","sticky":false,"template":"","format":"standard","meta":{"footnotes":""},"categories":[23],"tags":[],"class_list":{"0":"post-4755","1":"post","2":"type-post","3":"status-publish","4":"format-standard","5":"has-post-thumbnail","7":"category-feirasdenegocios"},"_links":{"self":[{"href":"https:\/\/tveventos.tv.br\/index.php?rest_route=\/wp\/v2\/posts\/4755","targetHints":{"allow":["GET"]}}],"collection":[{"href":"https:\/\/tveventos.tv.br\/index.php?rest_route=\/wp\/v2\/posts"}],"about":[{"href":"https:\/\/tveventos.tv.br\/index.php?rest_route=\/wp\/v2\/types\/post"}],"author":[{"embeddable":true,"href":"https:\/\/tveventos.tv.br\/index.php?rest_route=\/wp\/v2\/users\/3"}],"replies":[{"embeddable":true,"href":"https:\/\/tveventos.tv.br\/index.php?rest_route=%2Fwp%2Fv2%2Fcomments&post=4755"}],"version-history":[{"count":3,"href":"https:\/\/tveventos.tv.br\/index.php?rest_route=\/wp\/v2\/posts\/4755\/revisions"}],"predecessor-version":[{"id":4759,"href":"https:\/\/tveventos.tv.br\/index.php?rest_route=\/wp\/v2\/posts\/4755\/revisions\/4759"}],"wp:featuredmedia":[{"embeddable":true,"href":"https:\/\/tveventos.tv.br\/index.php?rest_route=\/wp\/v2\/media\/4756"}],"wp:attachment":[{"href":"https:\/\/tveventos.tv.br\/index.php?rest_route=%2Fwp%2Fv2%2Fmedia&parent=4755"}],"wp:term":[{"taxonomy":"category","embeddable":true,"href":"https:\/\/tveventos.tv.br\/index.php?rest_route=%2Fwp%2Fv2%2Fcategories&post=4755"},{"taxonomy":"post_tag","embeddable":true,"href":"https:\/\/tveventos.tv.br\/index.php?rest_route=%2Fwp%2Fv2%2Ftags&post=4755"}],"curies":[{"name":"wp","href":"https:\/\/api.w.org\/{rel}","templated":true}]}}