{"id":4761,"date":"2025-07-01T14:19:11","date_gmt":"2025-07-01T17:19:11","guid":{"rendered":"https:\/\/tveventos.tv.br\/?p=4761"},"modified":"2025-07-01T14:37:08","modified_gmt":"2025-07-01T17:37:08","slug":"inovacao-ciencia-e-networking-ganepao-2025-movimenta-o-setor-da-saude","status":"publish","type":"post","link":"https:\/\/tveventos.tv.br\/?p=4761","title":{"rendered":"Inova\u00e7\u00e3o, ci\u00eancia e networking: Ganep\u00e3o 2025 movimenta o setor da sa\u00fade"},"content":{"rendered":"\n<p>A TV Eventos esteve presente no <strong>Ganep\u00e3o 2025<\/strong>, considerado o maior congresso de nutri\u00e7\u00e3o cl\u00ednica da Am\u00e9rica Latina, que aconteceu entre os dias <strong>11 e 13 de junho<\/strong>, no Centro de Conven\u00e7\u00f5es Frei Caneca, em S\u00e3o Paulo. Com o tema <strong>Nutri\u00e7\u00e3o 360\u00ba: Inova\u00e7\u00f5es para um Mundo em Transforma\u00e7\u00e3o<\/strong>, o evento reuniu cerca de <strong>4 mil profissionais<\/strong> de diversas \u00e1reas da sa\u00fade, como nutricionistas, m\u00e9dicos, veterin\u00e1rios, estudantes e pesquisadores.<\/p>\n\n\n\n<p>Ao longo dos tr\u00eas dias de evento, a equipe da TV Eventos acompanhou os destaques da programa\u00e7\u00e3o e explorou de forma aprofundada as principais tend\u00eancias em nutri\u00e7\u00e3o cl\u00ednica. O congresso contou com a participa\u00e7\u00e3o de mais de 300 especialistas do Brasil e do exterior, distribu\u00eddos em trilhas simult\u00e2neas e workshops que discutiram desde avan\u00e7os cient\u00edficos at\u00e9 estrat\u00e9gias pr\u00e1ticas para o atendimento em consult\u00f3rio.<\/p>\n\n\n\n<p>A nossa experi\u00eancia no evento foi muito relevante, pois o evento se destacou pela diversidade de temas, qualidade t\u00e9cnica dos debates e pela presen\u00e7a de grandes especialistas, sendo essencial para quem atua na \u00e1rea da sa\u00fade\/nutri\u00e7\u00e3o.<\/p>\n\n\n\n<p>Com 45 anos de hist\u00f3ria, o Ganep\u00e3o segue sendo refer\u00eancia em educa\u00e7\u00e3o continuada e integra\u00e7\u00e3o entre ci\u00eancia, pr\u00e1tica cl\u00ednica e inova\u00e7\u00e3o. A participa\u00e7\u00e3o da TV Eventos refor\u00e7a seu compromisso em dar visibilidade a eventos de grande relev\u00e2ncia para a sa\u00fade e a ci\u00eancia no Brasil.<\/p>\n\n\n\n<p><\/p>\n","protected":false},"excerpt":{"rendered":"<p>A TV Eventos esteve presente no Ganep\u00e3o 2025, considerado o maior congresso de nutri\u00e7\u00e3o cl\u00ednica da Am\u00e9rica Latina, que aconteceu entre os dias 11 e 13 de junho, no Centro de Conven\u00e7\u00f5es Frei Caneca, em S\u00e3o Paulo. Com o tema Nutri\u00e7\u00e3o 360\u00ba: Inova\u00e7\u00f5es para um Mundo em Transforma\u00e7\u00e3o, o evento reuniu cerca de 4 mil [&hellip;]<\/p>\n","protected":false},"author":3,"featured_media":4762,"comment_status":"open","ping_status":"open","sticky":false,"template":"","format":"standard","meta":{"footnotes":""},"categories":[23,1],"tags":[],"class_list":{"0":"post-4761","1":"post","2":"type-post","3":"status-publish","4":"format-standard","5":"has-post-thumbnail","7":"category-feirasdenegocios","8":"category-workshopsepalestras"},"_links":{"self":[{"href":"https:\/\/tveventos.tv.br\/index.php?rest_route=\/wp\/v2\/posts\/4761","targetHints":{"allow":["GET"]}}],"collection":[{"href":"https:\/\/tveventos.tv.br\/index.php?rest_route=\/wp\/v2\/posts"}],"about":[{"href":"https:\/\/tveventos.tv.br\/index.php?rest_route=\/wp\/v2\/types\/post"}],"author":[{"embeddable":true,"href":"https:\/\/tveventos.tv.br\/index.php?rest_route=\/wp\/v2\/users\/3"}],"replies":[{"embeddable":true,"href":"https:\/\/tveventos.tv.br\/index.php?rest_route=%2Fwp%2Fv2%2Fcomments&post=4761"}],"version-history":[{"count":3,"href":"https:\/\/tveventos.tv.br\/index.php?rest_route=\/wp\/v2\/posts\/4761\/revisions"}],"predecessor-version":[{"id":4765,"href":"https:\/\/tveventos.tv.br\/index.php?rest_route=\/wp\/v2\/posts\/4761\/revisions\/4765"}],"wp:featuredmedia":[{"embeddable":true,"href":"https:\/\/tveventos.tv.br\/index.php?rest_route=\/wp\/v2\/media\/4762"}],"wp:attachment":[{"href":"https:\/\/tveventos.tv.br\/index.php?rest_route=%2Fwp%2Fv2%2Fmedia&parent=4761"}],"wp:term":[{"taxonomy":"category","embeddable":true,"href":"https:\/\/tveventos.tv.br\/index.php?rest_route=%2Fwp%2Fv2%2Fcategories&post=4761"},{"taxonomy":"post_tag","embeddable":true,"href":"https:\/\/tveventos.tv.br\/index.php?rest_route=%2Fwp%2Fv2%2Ftags&post=4761"}],"curies":[{"name":"wp","href":"https:\/\/api.w.org\/{rel}","templated":true}]}}