{"id":4766,"date":"2025-07-08T14:18:21","date_gmt":"2025-07-08T17:18:21","guid":{"rendered":"https:\/\/tveventos.tv.br\/?p=4766"},"modified":"2025-07-08T14:18:22","modified_gmt":"2025-07-08T17:18:22","slug":"expo-pizzaria-2","status":"publish","type":"post","link":"https:\/\/tveventos.tv.br\/?p=4766","title":{"rendered":"EXPO PIZZARIA"},"content":{"rendered":"\n<p>As feiras Expo Pizzaria, Expo P\u00e3o Artesanal, Burger Expo e Inova Food Summit acontecem simultaneamente nos dias 14 e 15 de julho de 2025, no Distrito Anhembi, em S\u00e3o Paulo, e prometem movimentar intensamente o cen\u00e1rio da gastronomia profissional no pa\u00eds. Juntas, essas feiras formam um grande hub de experi\u00eancias, aprendizado e neg\u00f3cios voltados ao foodservice, reunindo empreendedores, chefs, fornecedores, investidores e apaixonados por alimenta\u00e7\u00e3o de qualidade.<\/p>\n\n\n\n<p>A Expo Pizzaria, considerada a maior feira de pizzarias da Am\u00e9rica Latina, traz uma programa\u00e7\u00e3o repleta de demonstra\u00e7\u00f5es t\u00e9cnicas, novidades em insumos, ingredientes premium, fornos e equipamentos de \u00faltima gera\u00e7\u00e3o. Profissionais renomados do setor compartilham conhecimentos e tend\u00eancias que v\u00eam transformando o universo da pizza, incluindo fermenta\u00e7\u00f5es longas, receitas de bordas artesanais, farinhas especiais e gest\u00e3o de delivery.<\/p>\n\n\n\n<p>Na mesma data, acontece a Burger Expo, principal encontro voltado ao mercado de hamb\u00farguer artesanal, que atrai desde redes consagradas at\u00e9 pequenos neg\u00f3cios em busca de diferencia\u00e7\u00e3o. A feira apresenta novas solu\u00e7\u00f5es para hamburguerias, lan\u00e7amentos de carnes, p\u00e3es, molhos e maquin\u00e1rios profissionais, al\u00e9m de palestras e oficinas com especialistas que abordam temas como precifica\u00e7\u00e3o, identidade de marca e efici\u00eancia na opera\u00e7\u00e3o.<\/p>\n\n\n\n<p>A Expo P\u00e3o Artesanal foca na valoriza\u00e7\u00e3o da panifica\u00e7\u00e3o de fermenta\u00e7\u00e3o natural, reunindo mestres padeiros, produtores de farinhas e equipamentos, e marcas que apostam em t\u00e9cnicas ancestrais com inova\u00e7\u00e3o. \u00c9 um espa\u00e7o para quem busca aperfei\u00e7oar sua produ\u00e7\u00e3o de p\u00e3es r\u00fasticos, explorar fermenta\u00e7\u00f5es naturais, conhecer novas pr\u00e1ticas de panifica\u00e7\u00e3o e dialogar com um p\u00fablico cada vez mais atento \u00e0 qualidade e ao valor nutricional dos alimentos.<\/p>\n\n\n\n<p>Completando esse grande ecossistema de eventos, o Inova Food Summit se apresenta como o n\u00facleo de conte\u00fado e reflex\u00e3o, com uma programa\u00e7\u00e3o intensa de palestras, pain\u00e9is e debates sobre o futuro do setor aliment\u00edcio. Inova\u00e7\u00e3o, sustentabilidade, tecnologia, ESG, transforma\u00e7\u00e3o digital e novos h\u00e1bitos de consumo s\u00e3o os principais temas discutidos por lideran\u00e7as do setor, oferecendo uma vis\u00e3o estrat\u00e9gica para quem quer se destacar em um mercado cada vez mais exigente e competitivo.<\/p>\n\n\n\n<p>As quatro feiras acontecem no mesmo pavilh\u00e3o, com entrada gratuita mediante credenciamento, proporcionando uma experi\u00eancia completa e integrada para todos os profissionais que atuam ou desejam atuar no setor de alimenta\u00e7\u00e3o fora do lar. O evento refor\u00e7a a posi\u00e7\u00e3o de S\u00e3o Paulo como refer\u00eancia em gastronomia e empreendedorismo alimentar, atraindo visitantes de todo o Brasil em busca de conhecimento, networking e novas oportunidades de neg\u00f3cio.<\/p>\n\n\n\n<p>Junte-se a n\u00f3s nos dias 14 e 15 de julho das 10h \u00e0s 19h, no Distrito Anhembi.<\/p>\n\n\n\n<p>Endere\u00e7o: Avenida Olavo Fontoura, N\u00b0 1. 209\/Santana, S\u00e3o Paulo, SP, 02012-021<br><br><\/p>\n","protected":false},"excerpt":{"rendered":"<p>As feiras Expo Pizzaria, Expo P\u00e3o Artesanal, Burger Expo e Inova Food Summit acontecem simultaneamente nos dias 14 e 15 de julho de 2025, no Distrito Anhembi, em S\u00e3o Paulo, e prometem movimentar intensamente o cen\u00e1rio da gastronomia profissional no pa\u00eds. Juntas, essas feiras formam um grande hub de experi\u00eancias, aprendizado e neg\u00f3cios voltados ao [&hellip;]<\/p>\n","protected":false},"author":3,"featured_media":4767,"comment_status":"open","ping_status":"open","sticky":false,"template":"","format":"standard","meta":{"footnotes":""},"categories":[25],"tags":[],"class_list":{"0":"post-4766","1":"post","2":"type-post","3":"status-publish","4":"format-standard","5":"has-post-thumbnail","7":"category-calendariodeeventos"},"_links":{"self":[{"href":"https:\/\/tveventos.tv.br\/index.php?rest_route=\/wp\/v2\/posts\/4766","targetHints":{"allow":["GET"]}}],"collection":[{"href":"https:\/\/tveventos.tv.br\/index.php?rest_route=\/wp\/v2\/posts"}],"about":[{"href":"https:\/\/tveventos.tv.br\/index.php?rest_route=\/wp\/v2\/types\/post"}],"author":[{"embeddable":true,"href":"https:\/\/tveventos.tv.br\/index.php?rest_route=\/wp\/v2\/users\/3"}],"replies":[{"embeddable":true,"href":"https:\/\/tveventos.tv.br\/index.php?rest_route=%2Fwp%2Fv2%2Fcomments&post=4766"}],"version-history":[{"count":1,"href":"https:\/\/tveventos.tv.br\/index.php?rest_route=\/wp\/v2\/posts\/4766\/revisions"}],"predecessor-version":[{"id":4768,"href":"https:\/\/tveventos.tv.br\/index.php?rest_route=\/wp\/v2\/posts\/4766\/revisions\/4768"}],"wp:featuredmedia":[{"embeddable":true,"href":"https:\/\/tveventos.tv.br\/index.php?rest_route=\/wp\/v2\/media\/4767"}],"wp:attachment":[{"href":"https:\/\/tveventos.tv.br\/index.php?rest_route=%2Fwp%2Fv2%2Fmedia&parent=4766"}],"wp:term":[{"taxonomy":"category","embeddable":true,"href":"https:\/\/tveventos.tv.br\/index.php?rest_route=%2Fwp%2Fv2%2Fcategories&post=4766"},{"taxonomy":"post_tag","embeddable":true,"href":"https:\/\/tveventos.tv.br\/index.php?rest_route=%2Fwp%2Fv2%2Ftags&post=4766"}],"curies":[{"name":"wp","href":"https:\/\/api.w.org\/{rel}","templated":true}]}}