{"id":4769,"date":"2025-07-08T14:40:36","date_gmt":"2025-07-08T17:40:36","guid":{"rendered":"https:\/\/tveventos.tv.br\/?p=4769"},"modified":"2025-07-08T14:40:52","modified_gmt":"2025-07-08T17:40:52","slug":"expo-eletrica-2","status":"publish","type":"post","link":"https:\/\/tveventos.tv.br\/?p=4769","title":{"rendered":"EXPO EL\u00c9TRICA"},"content":{"rendered":"\n<p>A ExpoEl\u00e9trica 2025 \u00e9 considerada a mais importante feira do setor el\u00e9trico da Am\u00e9rica Latina. O evento, que chega a mais uma edi\u00e7\u00e3o com expectativa de crescimento em p\u00fablico e volume de neg\u00f3cios, \u00e9 voltado exclusivamente a profissionais da \u00e1rea, reunindo fabricantes, distribuidores, representantes t\u00e9cnicos, engenheiros, eletricistas, projetistas, integradores, arquitetos, consultores, estudantes e lojistas de todo o Brasil. A feira oferece um ambiente altamente qualificado para a apresenta\u00e7\u00e3o de lan\u00e7amentos em materiais el\u00e9tricos, ilumina\u00e7\u00e3o t\u00e9cnica, automa\u00e7\u00e3o, sistemas de seguran\u00e7a, energia solar e solu\u00e7\u00f5es em efici\u00eancia energ\u00e9tica.<\/p>\n\n\n\n<p>Ao longo de mais de duas d\u00e9cadas de hist\u00f3ria, a ExpoEl\u00e9trica se consolidou como uma plataforma essencial para atualiza\u00e7\u00e3o t\u00e9cnica e comercial dos profissionais da cadeia el\u00e9trica. \u00c9 o espa\u00e7o onde as principais marcas do setor apresentam seus novos produtos e tecnologias, muitas vezes em primeira m\u00e3o, em um ambiente prop\u00edcio para networking, gera\u00e7\u00e3o de parcerias e amplia\u00e7\u00e3o de mercado. A feira tamb\u00e9m refor\u00e7a o compromisso com a inova\u00e7\u00e3o e a sustentabilidade, trazendo ao p\u00fablico solu\u00e7\u00f5es que apontam para um futuro mais inteligente, seguro e energeticamente eficiente.<\/p>\n\n\n\n<p>Durante os tr\u00eas dias de programa\u00e7\u00e3o, os visitantes ter\u00e3o acesso a uma \u00e1rea de exposi\u00e7\u00e3o com centenas de estandes, demonstra\u00e7\u00f5es pr\u00e1ticas, experi\u00eancias imersivas e ativa\u00e7\u00f5es interativas. Al\u00e9m disso, a feira abriga f\u00f3runs t\u00e9cnicos e congressos paralelos com conte\u00fado especializado, nos quais especialistas e l\u00edderes de mercado debatem temas como conectividade, gera\u00e7\u00e3o distribu\u00edda, integra\u00e7\u00e3o de sistemas inteligentes, mobilidade el\u00e9trica, normas t\u00e9cnicas, infraestrutura predial e industrial, e os novos rumos do setor frente \u00e0s transforma\u00e7\u00f5es digitais.<\/p>\n\n\n\n<p>Outro destaque da ExpoEl\u00e9trica \u00e9 o perfil altamente t\u00e9cnico e decisor do p\u00fablico visitante, o que impulsiona o fechamento de neg\u00f3cios durante o pr\u00f3prio evento e a cria\u00e7\u00e3o de v\u00ednculos comerciais s\u00f3lidos. A feira tamb\u00e9m \u00e9 reconhecida por estimular a qualifica\u00e7\u00e3o profissional, oferecendo oportunidades de aprendizado e atualiza\u00e7\u00e3o cont\u00ednua, seja para veteranos da \u00e1rea ou para quem est\u00e1 ingressando no mercado el\u00e9trico.<\/p>\n\n\n\n<p>A edi\u00e7\u00e3o de 2025 promete superar as expectativas e reafirmar o evento como o principal ponto de encontro da cadeia el\u00e9trica no Brasil, refletindo a crescente import\u00e2ncia da eletricidade na transforma\u00e7\u00e3o das cidades, ind\u00fastrias e resid\u00eancias. Em um cen\u00e1rio onde energia, automa\u00e7\u00e3o e conectividade caminham lado a lado, a ExpoEl\u00e9trica se mostra essencial para todos os que buscam acompanhar as evolu\u00e7\u00f5es do setor e se destacar em um mercado cada vez mais exigente e din\u00e2mico.<\/p>\n\n\n\n<p>Junte-se a n\u00f3s nos dias 15 a 16 de julho, dia<strong> <\/strong>15 das 11h \u00e0s 19h dia 16 das 11h \u00e0s 17h no Frei Caneca.<\/p>\n\n\n\n<p>Endere\u00e7o: Rua Frei Caneca 569, S\u00e3o Paulo, SP, 01307-001<\/p>\n\n\n\n<p><br><\/p>\n\n\n\n<p><\/p>\n","protected":false},"excerpt":{"rendered":"<p>A ExpoEl\u00e9trica 2025 \u00e9 considerada a mais importante feira do setor el\u00e9trico da Am\u00e9rica Latina. O evento, que chega a mais uma edi\u00e7\u00e3o com expectativa de crescimento em p\u00fablico e volume de neg\u00f3cios, \u00e9 voltado exclusivamente a profissionais da \u00e1rea, reunindo fabricantes, distribuidores, representantes t\u00e9cnicos, engenheiros, eletricistas, projetistas, integradores, arquitetos, consultores, estudantes e lojistas de [&hellip;]<\/p>\n","protected":false},"author":3,"featured_media":4770,"comment_status":"open","ping_status":"open","sticky":false,"template":"","format":"standard","meta":{"footnotes":""},"categories":[25],"tags":[],"class_list":{"0":"post-4769","1":"post","2":"type-post","3":"status-publish","4":"format-standard","5":"has-post-thumbnail","7":"category-calendariodeeventos"},"_links":{"self":[{"href":"https:\/\/tveventos.tv.br\/index.php?rest_route=\/wp\/v2\/posts\/4769","targetHints":{"allow":["GET"]}}],"collection":[{"href":"https:\/\/tveventos.tv.br\/index.php?rest_route=\/wp\/v2\/posts"}],"about":[{"href":"https:\/\/tveventos.tv.br\/index.php?rest_route=\/wp\/v2\/types\/post"}],"author":[{"embeddable":true,"href":"https:\/\/tveventos.tv.br\/index.php?rest_route=\/wp\/v2\/users\/3"}],"replies":[{"embeddable":true,"href":"https:\/\/tveventos.tv.br\/index.php?rest_route=%2Fwp%2Fv2%2Fcomments&post=4769"}],"version-history":[{"count":1,"href":"https:\/\/tveventos.tv.br\/index.php?rest_route=\/wp\/v2\/posts\/4769\/revisions"}],"predecessor-version":[{"id":4771,"href":"https:\/\/tveventos.tv.br\/index.php?rest_route=\/wp\/v2\/posts\/4769\/revisions\/4771"}],"wp:featuredmedia":[{"embeddable":true,"href":"https:\/\/tveventos.tv.br\/index.php?rest_route=\/wp\/v2\/media\/4770"}],"wp:attachment":[{"href":"https:\/\/tveventos.tv.br\/index.php?rest_route=%2Fwp%2Fv2%2Fmedia&parent=4769"}],"wp:term":[{"taxonomy":"category","embeddable":true,"href":"https:\/\/tveventos.tv.br\/index.php?rest_route=%2Fwp%2Fv2%2Fcategories&post=4769"},{"taxonomy":"post_tag","embeddable":true,"href":"https:\/\/tveventos.tv.br\/index.php?rest_route=%2Fwp%2Fv2%2Ftags&post=4769"}],"curies":[{"name":"wp","href":"https:\/\/api.w.org\/{rel}","templated":true}]}}