{"id":4772,"date":"2025-07-08T16:26:33","date_gmt":"2025-07-08T19:26:33","guid":{"rendered":"https:\/\/tveventos.tv.br\/?p=4772"},"modified":"2025-07-08T16:26:35","modified_gmt":"2025-07-08T19:26:35","slug":"inspiramais-2","status":"publish","type":"post","link":"https:\/\/tveventos.tv.br\/?p=4772","title":{"rendered":"INSPIRAMAIS"},"content":{"rendered":"\n<p>A feira Inspiramais 2025 acontecer\u00e1 nos dias 15 e 16 de julho, no Centro de Eventos Pro Magno, em S\u00e3o Paulo, e \u00e9 considerada o principal sal\u00e3o de lan\u00e7amentos de materiais para os segmentos de moda, cal\u00e7ados, confec\u00e7\u00e3o, m\u00f3veis e bijuterias da Am\u00e9rica Latina. Com curadoria do designer Walter Rodrigues, o evento prop\u00f5e, a cada semestre, uma nova abordagem de tend\u00eancias por meio de uma metodologia exclusiva que antecipa comportamentos de consumo, cores, texturas e materiais at\u00e9 duas temporadas \u00e0 frente.<\/p>\n\n\n\n<p>Nesta edi\u00e7\u00e3o, o tema central ser\u00e1 \u201cHuman\u201d, uma proposta que discute o papel da moda diante dos desafios contempor\u00e2neos, propondo solu\u00e7\u00f5es mais emp\u00e1ticas, sustent\u00e1veis e voltadas ao bem-estar coletivo. O evento deve reunir cerca de 150 expositores e mais de 7 mil visitantes profissionais, apresentando aproximadamente 1.200 novos materiais com foco em inova\u00e7\u00e3o, design e sustentabilidade. A programa\u00e7\u00e3o inclui palestras, pain\u00e9is tem\u00e1ticos, lan\u00e7amentos de livros e conte\u00fados que abordam temas como identidade local, biomas brasileiros, marketing de moda e estrat\u00e9gias de encantamento do cliente.<\/p>\n\n\n\n<p>Al\u00e9m disso, o Inspiramais \u00e9 uma plataforma de neg\u00f3cios que conecta a ind\u00fastria criativa a marcas, designers e fornecedores de todo o pa\u00eds, promovendo o desenvolvimento de produtos com alto valor agregado e identidade brasileira. O evento tamb\u00e9m destaca o Preview do Couro e o Preview de Tend\u00eancias, que antecipam as dire\u00e7\u00f5es criativas para 2027, al\u00e9m de iniciativas voltadas ao ESG, economia circular e processos regenerativos. A entrada \u00e9 gratuita para profissionais do setor, e o credenciamento pode ser feito diretamente pelo site oficial do evento. A edi\u00e7\u00e3o 2025 promete reafirmar o posicionamento do Inspiramais como refer\u00eancia em moda com prop\u00f3sito e inova\u00e7\u00e3o sustent\u00e1vel.<\/p>\n\n\n\n<p>Junte-se a n\u00f3s nos dias 15 e 16 de julho das 10h \u00e0s 19h no Centro de Eventos Pro Magno.<\/p>\n\n\n\n<p>Endere\u00e7o: Avenida Professora Ida Kolb 513, S\u00e3o Paulo, S\u00e3o Paulo, 02518-000<br><\/p>\n\n\n\n<p><\/p>\n","protected":false},"excerpt":{"rendered":"<p>A feira Inspiramais 2025 acontecer\u00e1 nos dias 15 e 16 de julho, no Centro de Eventos Pro Magno, em S\u00e3o Paulo, e \u00e9 considerada o principal sal\u00e3o de lan\u00e7amentos de materiais para os segmentos de moda, cal\u00e7ados, confec\u00e7\u00e3o, m\u00f3veis e bijuterias da Am\u00e9rica Latina. Com curadoria do designer Walter Rodrigues, o evento prop\u00f5e, a cada [&hellip;]<\/p>\n","protected":false},"author":3,"featured_media":4773,"comment_status":"open","ping_status":"open","sticky":false,"template":"","format":"standard","meta":{"footnotes":""},"categories":[25],"tags":[],"class_list":{"0":"post-4772","1":"post","2":"type-post","3":"status-publish","4":"format-standard","5":"has-post-thumbnail","7":"category-calendariodeeventos"},"_links":{"self":[{"href":"https:\/\/tveventos.tv.br\/index.php?rest_route=\/wp\/v2\/posts\/4772","targetHints":{"allow":["GET"]}}],"collection":[{"href":"https:\/\/tveventos.tv.br\/index.php?rest_route=\/wp\/v2\/posts"}],"about":[{"href":"https:\/\/tveventos.tv.br\/index.php?rest_route=\/wp\/v2\/types\/post"}],"author":[{"embeddable":true,"href":"https:\/\/tveventos.tv.br\/index.php?rest_route=\/wp\/v2\/users\/3"}],"replies":[{"embeddable":true,"href":"https:\/\/tveventos.tv.br\/index.php?rest_route=%2Fwp%2Fv2%2Fcomments&post=4772"}],"version-history":[{"count":1,"href":"https:\/\/tveventos.tv.br\/index.php?rest_route=\/wp\/v2\/posts\/4772\/revisions"}],"predecessor-version":[{"id":4774,"href":"https:\/\/tveventos.tv.br\/index.php?rest_route=\/wp\/v2\/posts\/4772\/revisions\/4774"}],"wp:featuredmedia":[{"embeddable":true,"href":"https:\/\/tveventos.tv.br\/index.php?rest_route=\/wp\/v2\/media\/4773"}],"wp:attachment":[{"href":"https:\/\/tveventos.tv.br\/index.php?rest_route=%2Fwp%2Fv2%2Fmedia&parent=4772"}],"wp:term":[{"taxonomy":"category","embeddable":true,"href":"https:\/\/tveventos.tv.br\/index.php?rest_route=%2Fwp%2Fv2%2Fcategories&post=4772"},{"taxonomy":"post_tag","embeddable":true,"href":"https:\/\/tveventos.tv.br\/index.php?rest_route=%2Fwp%2Fv2%2Ftags&post=4772"}],"curies":[{"name":"wp","href":"https:\/\/api.w.org\/{rel}","templated":true}]}}