{"id":4775,"date":"2025-07-14T13:46:39","date_gmt":"2025-07-14T16:46:39","guid":{"rendered":"https:\/\/tveventos.tv.br\/?p=4775"},"modified":"2025-07-14T13:46:40","modified_gmt":"2025-07-14T16:46:40","slug":"rpa-e-ia-congress","status":"publish","type":"post","link":"https:\/\/tveventos.tv.br\/?p=4775","title":{"rendered":"RPA E IA CONGRESS"},"content":{"rendered":"\n<p>O RPA &amp; IA Congress \u00e9 um dos principais eventos do Brasil voltado para a automa\u00e7\u00e3o de processos com rob\u00f4s e intelig\u00eancia artificial. Realizado em S\u00e3o Paulo, no Centro de Conven\u00e7\u00f5es Frei Caneca, o congresso re\u00fane especialistas, empresas, desenvolvedores, l\u00edderes de tecnologia e executivos de diversas \u00e1reas para debater as solu\u00e7\u00f5es mais modernas voltadas \u00e0 transforma\u00e7\u00e3o digital.<\/p>\n\n\n\n<p>Durante os dois dias de evento, o p\u00fablico acompanha palestras, pain\u00e9is, estudos de caso e apresenta\u00e7\u00f5es pr\u00e1ticas sobre como as ferramentas de RPA (Automa\u00e7\u00e3o Rob\u00f3tica de Processos) e IA est\u00e3o sendo utilizadas para aumentar a produtividade, reduzir custos operacionais e transformar modelos de neg\u00f3cios.<\/p>\n\n\n\n<p>&nbsp;A programa\u00e7\u00e3o inclui discuss\u00f5es sobre a integra\u00e7\u00e3o entre pessoas, m\u00e1quinas e algoritmos, mostrando de que forma a intelig\u00eancia artificial pode atuar junto \u00e0 automa\u00e7\u00e3o na tomada de decis\u00f5es, no atendimento ao cliente, na an\u00e1lise de dados e na execu\u00e7\u00e3o de tarefas repetitivas.&nbsp;<\/p>\n\n\n\n<p>Al\u00e9m do congresso principal, h\u00e1 trilhas simult\u00e2neas com foco em neg\u00f3cios, inova\u00e7\u00e3o, tecnologia e gest\u00e3o. O evento tamb\u00e9m conta com uma \u00e1rea de exposi\u00e7\u00e3o, onde empresas apresentam solu\u00e7\u00f5es e produtos voltados \u00e0 automa\u00e7\u00e3o inteligente, promovendo a conex\u00e3o entre fornecedores, startups e o mercado corporativo. Ao longo dos anos, o RPA &amp; IA Congress se firmou como uma refer\u00eancia nacional, reunindo um p\u00fablico qualificado interessado em aplicar tecnologias emergentes de forma pr\u00e1tica e estrat\u00e9gica no ambiente empresarial.<\/p>\n\n\n\n<p>Junte-se a n\u00f3s nos dias 15 a de julho, das 8h50 \u00e0s 18h15 no Centro de conven\u00e7\u00f5es Frei Caneca<\/p>\n\n\n\n<p>Endere\u00e7o: Rua Frei Caneca 569, S\u00e3o Paulo, SP, 01307-001\u00a0\u00a0\u00a0<br><\/p>\n\n\n\n<p><br><\/p>\n","protected":false},"excerpt":{"rendered":"<p>O RPA &amp; IA Congress \u00e9 um dos principais eventos do Brasil voltado para a automa\u00e7\u00e3o de processos com rob\u00f4s e intelig\u00eancia artificial. Realizado em S\u00e3o Paulo, no Centro de Conven\u00e7\u00f5es Frei Caneca, o congresso re\u00fane especialistas, empresas, desenvolvedores, l\u00edderes de tecnologia e executivos de diversas \u00e1reas para debater as solu\u00e7\u00f5es mais modernas voltadas \u00e0 [&hellip;]<\/p>\n","protected":false},"author":3,"featured_media":4776,"comment_status":"open","ping_status":"open","sticky":false,"template":"","format":"standard","meta":{"footnotes":""},"categories":[25],"tags":[],"class_list":{"0":"post-4775","1":"post","2":"type-post","3":"status-publish","4":"format-standard","5":"has-post-thumbnail","7":"category-calendariodeeventos"},"_links":{"self":[{"href":"https:\/\/tveventos.tv.br\/index.php?rest_route=\/wp\/v2\/posts\/4775","targetHints":{"allow":["GET"]}}],"collection":[{"href":"https:\/\/tveventos.tv.br\/index.php?rest_route=\/wp\/v2\/posts"}],"about":[{"href":"https:\/\/tveventos.tv.br\/index.php?rest_route=\/wp\/v2\/types\/post"}],"author":[{"embeddable":true,"href":"https:\/\/tveventos.tv.br\/index.php?rest_route=\/wp\/v2\/users\/3"}],"replies":[{"embeddable":true,"href":"https:\/\/tveventos.tv.br\/index.php?rest_route=%2Fwp%2Fv2%2Fcomments&post=4775"}],"version-history":[{"count":1,"href":"https:\/\/tveventos.tv.br\/index.php?rest_route=\/wp\/v2\/posts\/4775\/revisions"}],"predecessor-version":[{"id":4777,"href":"https:\/\/tveventos.tv.br\/index.php?rest_route=\/wp\/v2\/posts\/4775\/revisions\/4777"}],"wp:featuredmedia":[{"embeddable":true,"href":"https:\/\/tveventos.tv.br\/index.php?rest_route=\/wp\/v2\/media\/4776"}],"wp:attachment":[{"href":"https:\/\/tveventos.tv.br\/index.php?rest_route=%2Fwp%2Fv2%2Fmedia&parent=4775"}],"wp:term":[{"taxonomy":"category","embeddable":true,"href":"https:\/\/tveventos.tv.br\/index.php?rest_route=%2Fwp%2Fv2%2Fcategories&post=4775"},{"taxonomy":"post_tag","embeddable":true,"href":"https:\/\/tveventos.tv.br\/index.php?rest_route=%2Fwp%2Fv2%2Ftags&post=4775"}],"curies":[{"name":"wp","href":"https:\/\/api.w.org\/{rel}","templated":true}]}}