{"id":4778,"date":"2025-07-14T13:55:53","date_gmt":"2025-07-14T16:55:53","guid":{"rendered":"https:\/\/tveventos.tv.br\/?p=4778"},"modified":"2025-07-14T13:55:53","modified_gmt":"2025-07-14T16:55:53","slug":"future-print-2025","status":"publish","type":"post","link":"https:\/\/tveventos.tv.br\/?p=4778","title":{"rendered":"FUTURE PRINT 2025"},"content":{"rendered":"\n<p>O FuturePrint 2025 \u00e9 uma das mais importantes feiras da Am\u00e9rica Latina para os setores de comunica\u00e7\u00e3o visual, serigrafia, impress\u00e3o digital e impress\u00e3o t\u00eaxtil, organizada pela Informa Markets. A edi\u00e7\u00e3o de 2025 ser\u00e1 realizada entre os dias 16 e 19 de julho no Distrito Anhembi, em S\u00e3o Paulo. O evento re\u00fane mais de 40\u202f000 visitantes, como gr\u00e1ficas, ag\u00eancias, signmakers, empresas de brindes e profissionais de impress\u00e3o e centenas de expositores que apresentam solu\u00e7\u00f5es em impress\u00e3o digital, 3D, sublima\u00e7\u00e3o, corte, grava\u00e7\u00e3o, softwares, sinaliza\u00e7\u00e3o e embalagens.<\/p>\n\n\n\n<p>Com infraestrutura renovada no Anhembi, a feira oferece um ambiente din\u00e2mico onde inova\u00e7\u00e3o e neg\u00f3cios se encontram. Al\u00e9m da exposi\u00e7\u00e3o de produtos e tecnologias, o FuturePrint conta com uma plataforma digital chamada \u201cFuturePrint Xperience\u201d, que permite networking e acesso a conte\u00fado especializado o ano todo. Para engajar ainda mais a comunidade, h\u00e1 uma a\u00e7\u00e3o solid\u00e1ria em parceria com o projeto \u201cQuebrada Alimentada\u201d, incentivando a doa\u00e7\u00e3o de alimentos para fam\u00edlias em vulnerabilidade na regi\u00e3o norte de S\u00e3o Paulo.<\/p>\n\n\n\n<p>Na pr\u00e1tica, a feira \u00e9 ideal para quem busca conhecer de perto equipamentos e processos como, impressoras digitais, equipamentos de serigrafia, materiais promocionais e softwares e ainda se atualizar sobre tend\u00eancias do mercado por meio de intera\u00e7\u00f5es diretas com fornecedores, demonstra\u00e7\u00f5es ao vivo e troca de experi\u00eancias entre profissionais do setor. O FuturePrint Xperience complementa essa viv\u00eancia, oferecendo indica\u00e7\u00f5es personalizadas por meio de uma assistente virtual e abrindo oportunidades de contato e aprendizado al\u00e9m dos quatro dias de evento.<\/p>\n\n\n\n<p>Essa combina\u00e7\u00e3o entre feira f\u00edsica, presen\u00e7a digital e responsabilidade social transforma o FuturePrint em uma plataforma completa que conecta inova\u00e7\u00e3o, sustentabilidade e mercado, sendo refer\u00eancia para quem atua com impress\u00e3o e comunica\u00e7\u00e3o visual no Brasil.<\/p>\n\n\n\n<p>Junte-se a n\u00f3s nos dias 16 a 19 de julho, quarta a sexta das 13h \u00e1s 20h e s\u00e1bado das 10h \u00e0s 17h no Distrito Anhembi<\/p>\n\n\n\n<p>Endere\u00e7o: Avenida Olavo Fontoura, N\u00b0 1. 209\/Santana, S\u00e3o Paulo, SP, 02012-021<\/p>\n\n\n\n<p><br><br><\/p>\n","protected":false},"excerpt":{"rendered":"<p>O FuturePrint 2025 \u00e9 uma das mais importantes feiras da Am\u00e9rica Latina para os setores de comunica\u00e7\u00e3o visual, serigrafia, impress\u00e3o digital e impress\u00e3o t\u00eaxtil, organizada pela Informa Markets. A edi\u00e7\u00e3o de 2025 ser\u00e1 realizada entre os dias 16 e 19 de julho no Distrito Anhembi, em S\u00e3o Paulo. O evento re\u00fane mais de 40\u202f000 visitantes, [&hellip;]<\/p>\n","protected":false},"author":3,"featured_media":4779,"comment_status":"open","ping_status":"open","sticky":false,"template":"","format":"standard","meta":{"footnotes":""},"categories":[25],"tags":[],"class_list":{"0":"post-4778","1":"post","2":"type-post","3":"status-publish","4":"format-standard","5":"has-post-thumbnail","7":"category-calendariodeeventos"},"_links":{"self":[{"href":"https:\/\/tveventos.tv.br\/index.php?rest_route=\/wp\/v2\/posts\/4778","targetHints":{"allow":["GET"]}}],"collection":[{"href":"https:\/\/tveventos.tv.br\/index.php?rest_route=\/wp\/v2\/posts"}],"about":[{"href":"https:\/\/tveventos.tv.br\/index.php?rest_route=\/wp\/v2\/types\/post"}],"author":[{"embeddable":true,"href":"https:\/\/tveventos.tv.br\/index.php?rest_route=\/wp\/v2\/users\/3"}],"replies":[{"embeddable":true,"href":"https:\/\/tveventos.tv.br\/index.php?rest_route=%2Fwp%2Fv2%2Fcomments&post=4778"}],"version-history":[{"count":1,"href":"https:\/\/tveventos.tv.br\/index.php?rest_route=\/wp\/v2\/posts\/4778\/revisions"}],"predecessor-version":[{"id":4780,"href":"https:\/\/tveventos.tv.br\/index.php?rest_route=\/wp\/v2\/posts\/4778\/revisions\/4780"}],"wp:featuredmedia":[{"embeddable":true,"href":"https:\/\/tveventos.tv.br\/index.php?rest_route=\/wp\/v2\/media\/4779"}],"wp:attachment":[{"href":"https:\/\/tveventos.tv.br\/index.php?rest_route=%2Fwp%2Fv2%2Fmedia&parent=4778"}],"wp:term":[{"taxonomy":"category","embeddable":true,"href":"https:\/\/tveventos.tv.br\/index.php?rest_route=%2Fwp%2Fv2%2Fcategories&post=4778"},{"taxonomy":"post_tag","embeddable":true,"href":"https:\/\/tveventos.tv.br\/index.php?rest_route=%2Fwp%2Fv2%2Ftags&post=4778"}],"curies":[{"name":"wp","href":"https:\/\/api.w.org\/{rel}","templated":true}]}}