{"id":4781,"date":"2025-07-14T14:09:06","date_gmt":"2025-07-14T17:09:06","guid":{"rendered":"https:\/\/tveventos.tv.br\/?p=4781"},"modified":"2025-07-14T14:09:07","modified_gmt":"2025-07-14T17:09:07","slug":"uni-e-commerce-week","status":"publish","type":"post","link":"https:\/\/tveventos.tv.br\/?p=4781","title":{"rendered":"UNI E-COMMERCE WEEK"},"content":{"rendered":"\n<p>O Uni E\u2011Commerce Week 2025 \u00e9 o maior evento da Am\u00e9rica Latina focado em e\u2011commerce e vendas em marketplaces, idealizado pela Universidade Marketplaces e liderado por Alexandre Nogueira, empreendedor que construiu sua reputa\u00e7\u00e3o no Mercado Livre desde 2009. Acontece de 16 a 18 de julho de 2025 no Pro Magno Centro de Eventos, em S\u00e3o Paulo, e re\u00fane mais de 4 mil lojistas, consultores e especialistas para uma imers\u00e3o profunda nas opera\u00e7\u00f5es digitais.<\/p>\n\n\n\n<p>Durante tr\u00eas dias, o evento oferece uma combina\u00e7\u00e3o \u00fanica de conte\u00fados te\u00f3ricos e pr\u00e1ticos, com palestras, estudos de caso, mentorias personalizadas e workshops desenhados para todos os perfis de vendedores desde iniciantes at\u00e9 grandes opera\u00e7\u00f5es que j\u00e1 faturam milh\u00f5es nos principais marketplaces do pa\u00eds, como Mercado Livre, Shopee, Amazon e Magalu. A proposta \u00e9 aprender diretamente com especialistas que aplicam na pr\u00e1tica as estrat\u00e9gias apresentadas, ajudando os participantes a montarem um plano de a\u00e7\u00e3o claro para escalar seus neg\u00f3cios.<\/p>\n\n\n\n<p>O Uni E\u2011Commerce Week 2025 oferece ainda trilhas espec\u00edficas conforme o n\u00edvel e o foco de cada lojista, buscando maximizar o aprendizado e a aplicabilidade imediata dos conte\u00fados. Entre os palestrantes est\u00e3o nomes de destaque da pr\u00f3pria Universidade Marketplaces, como Felipe Arsilo, Kelly Varella, Felipe Balloni, Stephani Ribeiro e outros, al\u00e9m de representantes oficiais dos grandes marketplaces Mercado Livre, Amazon, Magalu, Kwai Shop e TikTok Shop que compartilham cases, insights sobre opera\u00e7\u00f5es e dicas de crescimento.<\/p>\n\n\n\n<p>O ambiente do evento favorece o networking, permitindo o contato entre lojistas, consultores e fornecedores. Pelo car\u00e1ter voltado ao resultado pr\u00e1tico, os participantes saem com estrat\u00e9gias aplic\u00e1veis para aumentar vendas, otimizar log\u00edstica, investir em an\u00fancios e melhorar margens, respaldados por uma comunidade com experi\u00eancia comprovada no mercado .<\/p>\n\n\n\n<p>Em resumo, o Uni E\u2011Commerce Week 2025 \u00e9 uma imers\u00e3o intensiva que combina conhecimento t\u00e9cnico, viv\u00eancia pr\u00e1tica e conex\u00e3o com profissionais de e-commerce. Com foco em marketplaces, cases reais e mentorias personalizadas, o evento foi especialmente desenhado para quem deseja escalar sua opera\u00e7\u00e3o, conectar-se com a elite do varejo digital e alcan\u00e7ar resultados expressivos no ambiente online.<\/p>\n\n\n\n<p>Junte-se a n\u00f3s nos dias 16 a 18 de julho, das 9h \u00e0s 19h no Pro Magno Centro de Eventos<\/p>\n\n\n\n<p>Eventos: \u00a0Avenida Professora Ida Kolb 513, S\u00e3o Paulo, S\u00e3o Paulo, 02518-000\u00a0<br><br><\/p>\n","protected":false},"excerpt":{"rendered":"<p>O Uni E\u2011Commerce Week 2025 \u00e9 o maior evento da Am\u00e9rica Latina focado em e\u2011commerce e vendas em marketplaces, idealizado pela Universidade Marketplaces e liderado por Alexandre Nogueira, empreendedor que construiu sua reputa\u00e7\u00e3o no Mercado Livre desde 2009. Acontece de 16 a 18 de julho de 2025 no Pro Magno Centro de Eventos, em S\u00e3o [&hellip;]<\/p>\n","protected":false},"author":3,"featured_media":4782,"comment_status":"open","ping_status":"open","sticky":false,"template":"","format":"standard","meta":{"footnotes":""},"categories":[25],"tags":[],"class_list":{"0":"post-4781","1":"post","2":"type-post","3":"status-publish","4":"format-standard","5":"has-post-thumbnail","7":"category-calendariodeeventos"},"_links":{"self":[{"href":"https:\/\/tveventos.tv.br\/index.php?rest_route=\/wp\/v2\/posts\/4781","targetHints":{"allow":["GET"]}}],"collection":[{"href":"https:\/\/tveventos.tv.br\/index.php?rest_route=\/wp\/v2\/posts"}],"about":[{"href":"https:\/\/tveventos.tv.br\/index.php?rest_route=\/wp\/v2\/types\/post"}],"author":[{"embeddable":true,"href":"https:\/\/tveventos.tv.br\/index.php?rest_route=\/wp\/v2\/users\/3"}],"replies":[{"embeddable":true,"href":"https:\/\/tveventos.tv.br\/index.php?rest_route=%2Fwp%2Fv2%2Fcomments&post=4781"}],"version-history":[{"count":1,"href":"https:\/\/tveventos.tv.br\/index.php?rest_route=\/wp\/v2\/posts\/4781\/revisions"}],"predecessor-version":[{"id":4783,"href":"https:\/\/tveventos.tv.br\/index.php?rest_route=\/wp\/v2\/posts\/4781\/revisions\/4783"}],"wp:featuredmedia":[{"embeddable":true,"href":"https:\/\/tveventos.tv.br\/index.php?rest_route=\/wp\/v2\/media\/4782"}],"wp:attachment":[{"href":"https:\/\/tveventos.tv.br\/index.php?rest_route=%2Fwp%2Fv2%2Fmedia&parent=4781"}],"wp:term":[{"taxonomy":"category","embeddable":true,"href":"https:\/\/tveventos.tv.br\/index.php?rest_route=%2Fwp%2Fv2%2Fcategories&post=4781"},{"taxonomy":"post_tag","embeddable":true,"href":"https:\/\/tveventos.tv.br\/index.php?rest_route=%2Fwp%2Fv2%2Ftags&post=4781"}],"curies":[{"name":"wp","href":"https:\/\/api.w.org\/{rel}","templated":true}]}}