{"id":4787,"date":"2025-07-18T13:48:54","date_gmt":"2025-07-18T16:48:54","guid":{"rendered":"https:\/\/tveventos.tv.br\/?p=4787"},"modified":"2025-07-18T13:48:55","modified_gmt":"2025-07-18T16:48:55","slug":"fipan-2","status":"publish","type":"post","link":"https:\/\/tveventos.tv.br\/?p=4787","title":{"rendered":"FIPAN"},"content":{"rendered":"\n<p>A FIPAN 2025, que se realizar\u00e1 de 22 a 25 de julho no Expo Center Norte, em S\u00e3o Paulo, consolida\u2011se como o mais relevante evento de panifica\u00e7\u00e3o, confeitaria e food service da Am\u00e9rica Latina, reunindo cerca de 450 expositores, com mais de 1.500 marcas distribu\u00eddas em quatro pavilh\u00f5es e mobilizando aproximadamente 59\u202f000 profissionais do setor. Ao longo de suas 30 edi\u00e7\u00f5es, a feira tornou\u2011se o principal ponto de encontro entre empres\u00e1rios, chefs, mestres padeiros, confeiteiros, fornecedores e gestores que buscam inova\u00e7\u00e3o, crescimento e troca de conhecimento.<\/p>\n\n\n\n<p>Neste ano, a programa\u00e7\u00e3o est\u00e1 mais diversificada, destacando novas \u00e1reas focadas em segmentos espec\u00edficos: a Vila dos Salgados, espa\u00e7o in\u00e9dito com aulas e degusta\u00e7\u00f5es dedicadas ao segmento de salgados; a Arena do Confeiteiro, palco para demonstra\u00e7\u00f5es ao vivo com chefs de renome, t\u00e9cnicas modernas e receitas inspiradoras; a Fipan Pizza, voltada ao universo das pizzarias; a Arena Gelato, com campeonato nacional que seleciona representantes para a final na It\u00e1lia; o Espa\u00e7o Fermenta\u00e7\u00e3o Natural, dedicado a uma t\u00e9cnica cada vez mais valorizada; e a Esta\u00e7\u00e3o Caf\u00e9, voltada ao mercado de caf\u00e9s especiais, al\u00e9m do j\u00e1 tradicional Campeonato Internacional de panifica\u00e7\u00e3o e confeitaria.<\/p>\n\n\n\n<p>O 5\u00ba Congresso FIPAN acontece simultaneamente, propondo um ambiente de debates, estudos de caso, pain\u00e9is e palestras com especialistas nacionais e internacionais. Os temas abrangem gest\u00e3o, marketing, inova\u00e7\u00e3o tecnol\u00f3gica, automa\u00e7\u00e3o industrial, sustentabilidade, fermenta\u00e7\u00e3o natural e ingredientes premium. \u00c9 uma intensa programa\u00e7\u00e3o t\u00e9cnica que alia teoria e pr\u00e1tica, visando o desenvolvimento de neg\u00f3cios mais eficientes, rent\u00e1veis e sustent\u00e1veis .<\/p>\n\n\n\n<p>Um dos grandes atrativos \u00e9 o Campeonato Internacional de Panifica\u00e7\u00e3o e Confeitaria, que traz mais de 30 competidores internacionais disputando trof\u00e9us e reconhecimento profissional. Paralelamente, o campeonato nacional de bolos e o concurso de gelato garantem uma forte atmosfera competitiva e de aprendizado, com oportunidades privilegiadas de networking e visibilidade para marcas e talentos.<\/p>\n\n\n\n<p>A feira ainda refor\u00e7a temas como automa\u00e7\u00e3o, gest\u00e3o integrada, embalagens sustent\u00e1veis e fontes alternativas de energia, em sintonia com as demandas crescendo por efici\u00eancia e responsabilidade ambiental. Essa aura de inova\u00e7\u00e3o \u00e9 complementada por estandes que apresentam equipamentos industrializados, softwares de gest\u00e3o, novos ingredientes e solu\u00e7\u00f5es log\u00edsticas para a cadeia alimentar.<\/p>\n\n\n\n<p>Em resumo, a FIPAN 2025 \u00e9 muito mais do que uma exposi\u00e7\u00e3o comercial: trata\u2011se de uma experi\u00eancia completa, que alia demonstra\u00e7\u00f5es t\u00e9cnicas, educa\u00e7\u00e3o continuada, campeonatos de destaque internacional, novas \u00e1reas segmentadas e um ambiente feito sob medida para acelerar neg\u00f3cios e vis\u00f5es estrat\u00e9gicas no mercado de alimentos. Para quem atua em padarias, confeitarias, pizzarias, cafeterias, sorveterias ou food service, \u00e9 uma oportunidade \u00edmpar de estar em contato direto com o presente e o futuro do setor.<\/p>\n\n\n\n<p>Junte-se a n\u00f3s nos dias 22 a 25 de julho, das 13h \u00e0s 21h e dia 25 at\u00e9 \u00e0s 19h no Expo Center Norte.<\/p>\n\n\n\n<p>Endere\u00e7o: Rua Jos\u00e9 Bernardo Pinto 333, S\u00e3o Paulo, SP, 02055-000<\/p>\n","protected":false},"excerpt":{"rendered":"<p>A FIPAN 2025, que se realizar\u00e1 de 22 a 25 de julho no Expo Center Norte, em S\u00e3o Paulo, consolida\u2011se como o mais relevante evento de panifica\u00e7\u00e3o, confeitaria e food service da Am\u00e9rica Latina, reunindo cerca de 450 expositores, com mais de 1.500 marcas distribu\u00eddas em quatro pavilh\u00f5es e mobilizando aproximadamente 59\u202f000 profissionais do setor. [&hellip;]<\/p>\n","protected":false},"author":3,"featured_media":4788,"comment_status":"open","ping_status":"open","sticky":false,"template":"","format":"standard","meta":{"footnotes":""},"categories":[25],"tags":[],"class_list":{"0":"post-4787","1":"post","2":"type-post","3":"status-publish","4":"format-standard","5":"has-post-thumbnail","7":"category-calendariodeeventos"},"_links":{"self":[{"href":"https:\/\/tveventos.tv.br\/index.php?rest_route=\/wp\/v2\/posts\/4787","targetHints":{"allow":["GET"]}}],"collection":[{"href":"https:\/\/tveventos.tv.br\/index.php?rest_route=\/wp\/v2\/posts"}],"about":[{"href":"https:\/\/tveventos.tv.br\/index.php?rest_route=\/wp\/v2\/types\/post"}],"author":[{"embeddable":true,"href":"https:\/\/tveventos.tv.br\/index.php?rest_route=\/wp\/v2\/users\/3"}],"replies":[{"embeddable":true,"href":"https:\/\/tveventos.tv.br\/index.php?rest_route=%2Fwp%2Fv2%2Fcomments&post=4787"}],"version-history":[{"count":1,"href":"https:\/\/tveventos.tv.br\/index.php?rest_route=\/wp\/v2\/posts\/4787\/revisions"}],"predecessor-version":[{"id":4789,"href":"https:\/\/tveventos.tv.br\/index.php?rest_route=\/wp\/v2\/posts\/4787\/revisions\/4789"}],"wp:featuredmedia":[{"embeddable":true,"href":"https:\/\/tveventos.tv.br\/index.php?rest_route=\/wp\/v2\/media\/4788"}],"wp:attachment":[{"href":"https:\/\/tveventos.tv.br\/index.php?rest_route=%2Fwp%2Fv2%2Fmedia&parent=4787"}],"wp:term":[{"taxonomy":"category","embeddable":true,"href":"https:\/\/tveventos.tv.br\/index.php?rest_route=%2Fwp%2Fv2%2Fcategories&post=4787"},{"taxonomy":"post_tag","embeddable":true,"href":"https:\/\/tveventos.tv.br\/index.php?rest_route=%2Fwp%2Fv2%2Ftags&post=4787"}],"curies":[{"name":"wp","href":"https:\/\/api.w.org\/{rel}","templated":true}]}}