{"id":4791,"date":"2025-07-23T15:09:25","date_gmt":"2025-07-23T18:09:25","guid":{"rendered":"https:\/\/tveventos.tv.br\/?p=4791"},"modified":"2025-07-23T15:09:26","modified_gmt":"2025-07-23T18:09:26","slug":"expert-xp-2","status":"publish","type":"post","link":"https:\/\/tveventos.tv.br\/?p=4791","title":{"rendered":"EXPERT XP"},"content":{"rendered":"\n<p>A Expert SP \u00e9 reconhecida como um dos maiores e mais relevantes eventos do setor financeiro da Am\u00e9rica Latina. Organizada pela XP Inc., a feira se transformou em um verdadeiro marco no calend\u00e1rio de investidores, economistas, empres\u00e1rios, autoridades pol\u00edticas, influenciadores e profissionais do mercado que buscam atualiza\u00e7\u00e3o, networking e acesso a tend\u00eancias que impactam diretamente o futuro da economia e dos investimentos. Realizada em S\u00e3o Paulo, a Expert SP combina conte\u00fado de alt\u00edssima qualidade com uma experi\u00eancia imersiva e interativa, oferecendo ao p\u00fablico uma viv\u00eancia \u00fanica em torno de temas como finan\u00e7as, tecnologia, inova\u00e7\u00e3o, sustentabilidade, empreendedorismo, pol\u00edtica e cen\u00e1rio macroecon\u00f4mico global.<\/p>\n\n\n\n<p>Durante os dias do evento, a feira recebe nomes de peso do mercado nacional e internacional, entre CEOs de grandes companhias, especialistas renomados, gestores de fundos, pensadores e personalidades influentes, al\u00e9m de l\u00edderes do setor p\u00fablico. A programa\u00e7\u00e3o \u00e9 composta por palestras, pain\u00e9is, mesas-redondas e entrevistas que debatem desde estrat\u00e9gias de investimentos at\u00e9 transforma\u00e7\u00f5es digitais, intelig\u00eancia artificial, ESG, novos modelos de neg\u00f3cios e impactos das pol\u00edticas econ\u00f4micas. Paralelamente ao conte\u00fado, a Expert SP tamb\u00e9m conta com uma \u00e1rea de exposi\u00e7\u00e3o ampla, onde empresas, startups, plataformas e institui\u00e7\u00f5es financeiras apresentam solu\u00e7\u00f5es, produtos e inova\u00e7\u00f5es.<\/p>\n\n\n\n<p>A feira \u00e9 pensada para todos os perfis de participantes, de investidores iniciantes a profissionais altamente experientes e se destaca pela forma como torna temas complexos acess\u00edveis, sempre com foco em educa\u00e7\u00e3o financeira, autonomia e empoderamento do p\u00fablico. Outro diferencial \u00e9 a estrutura tecnol\u00f3gica do evento, que favorece a integra\u00e7\u00e3o entre o presencial e o digital, permitindo que os conte\u00fados cheguem a milhares de pessoas mesmo al\u00e9m dos pavilh\u00f5es f\u00edsicos. A cada edi\u00e7\u00e3o, a Expert SP refor\u00e7a seu papel como catalisadora de conhecimento, promovendo discuss\u00f5es que moldam o presente e o futuro do ecossistema financeiro brasileiro e internacional.<\/p>\n\n\n\n<p>Junte-se a n\u00f3s nos dias 25 a 26 de julho, das 10h \u00e0s 14h e dia 25 das 10h30 \u00e0s 16h00 no S\u00e3o Paulo Expo.<\/p>\n\n\n\n<p>Endere\u00e7o: Rod. dos Imigrantes 5, S\/N, km. 1, S\u00e3o Paulo, SP, 04329-900<\/p>\n\n\n\n<p><br><\/p>\n","protected":false},"excerpt":{"rendered":"<p>A Expert SP \u00e9 reconhecida como um dos maiores e mais relevantes eventos do setor financeiro da Am\u00e9rica Latina. Organizada pela XP Inc., a feira se transformou em um verdadeiro marco no calend\u00e1rio de investidores, economistas, empres\u00e1rios, autoridades pol\u00edticas, influenciadores e profissionais do mercado que buscam atualiza\u00e7\u00e3o, networking e acesso a tend\u00eancias que impactam diretamente [&hellip;]<\/p>\n","protected":false},"author":3,"featured_media":4792,"comment_status":"open","ping_status":"open","sticky":false,"template":"","format":"standard","meta":{"footnotes":""},"categories":[25],"tags":[],"class_list":{"0":"post-4791","1":"post","2":"type-post","3":"status-publish","4":"format-standard","5":"has-post-thumbnail","7":"category-calendariodeeventos"},"_links":{"self":[{"href":"https:\/\/tveventos.tv.br\/index.php?rest_route=\/wp\/v2\/posts\/4791","targetHints":{"allow":["GET"]}}],"collection":[{"href":"https:\/\/tveventos.tv.br\/index.php?rest_route=\/wp\/v2\/posts"}],"about":[{"href":"https:\/\/tveventos.tv.br\/index.php?rest_route=\/wp\/v2\/types\/post"}],"author":[{"embeddable":true,"href":"https:\/\/tveventos.tv.br\/index.php?rest_route=\/wp\/v2\/users\/3"}],"replies":[{"embeddable":true,"href":"https:\/\/tveventos.tv.br\/index.php?rest_route=%2Fwp%2Fv2%2Fcomments&post=4791"}],"version-history":[{"count":1,"href":"https:\/\/tveventos.tv.br\/index.php?rest_route=\/wp\/v2\/posts\/4791\/revisions"}],"predecessor-version":[{"id":4793,"href":"https:\/\/tveventos.tv.br\/index.php?rest_route=\/wp\/v2\/posts\/4791\/revisions\/4793"}],"wp:featuredmedia":[{"embeddable":true,"href":"https:\/\/tveventos.tv.br\/index.php?rest_route=\/wp\/v2\/media\/4792"}],"wp:attachment":[{"href":"https:\/\/tveventos.tv.br\/index.php?rest_route=%2Fwp%2Fv2%2Fmedia&parent=4791"}],"wp:term":[{"taxonomy":"category","embeddable":true,"href":"https:\/\/tveventos.tv.br\/index.php?rest_route=%2Fwp%2Fv2%2Fcategories&post=4791"},{"taxonomy":"post_tag","embeddable":true,"href":"https:\/\/tveventos.tv.br\/index.php?rest_route=%2Fwp%2Fv2%2Ftags&post=4791"}],"curies":[{"name":"wp","href":"https:\/\/api.w.org\/{rel}","templated":true}]}}