{"id":4794,"date":"2025-07-23T15:35:43","date_gmt":"2025-07-23T18:35:43","guid":{"rendered":"https:\/\/tveventos.tv.br\/?p=4794"},"modified":"2025-07-23T15:35:44","modified_gmt":"2025-07-23T18:35:44","slug":"expo-empreendedor-2","status":"publish","type":"post","link":"https:\/\/tveventos.tv.br\/?p=4794","title":{"rendered":"EXPO EMPREENDEDOR"},"content":{"rendered":"\n<p>A Expo Empreendedor \u00e9 reconhecida como a feira de empreendedorismo que mais cresce no Brasil, reunindo mais de 60\u202f000 participantes, cerca de 750 marcas e expositores, e gerando mais de 300 milh\u00f5es de reais em neg\u00f3cios durante sua realiza\u00e7\u00e3o. A proposta central da Expo Empreendedor \u00e9 fomentar o empreendedorismo em todos os n\u00edveis: desde quem est\u00e1 planejando abrir seu primeiro neg\u00f3cio at\u00e9 investidores, empres\u00e1rios em fase de expans\u00e3o e profissionais em busca de conex\u00f5es estrat\u00e9gicas.<\/p>\n\n\n\n<p>Durante os dois dias, o p\u00fablico tem acesso a uma programa\u00e7\u00e3o intensa de palestras e debates conduzidos por influenciadores, mentores e grandes nomes do ecossistema de neg\u00f3cios. Nomes como Jo\u00e3o Kepler, Eduardo Shinyashiki, Flavia Mardegan, Rita Midori, L\u00edvian Arag\u00e3o, Arthur Aguiar, Paulo Mathias e Hisayoshi Kameda est\u00e3o confirmados entre os palestrantes da edi\u00e7\u00e3o 2025, compartilhando suas vis\u00f5es sobre inova\u00e7\u00e3o, vendas, transforma\u00e7\u00e3o digital, cultura e lideran\u00e7a.<\/p>\n\n\n\n<p>A feira inclui ainda uma \u00e1rea de exposi\u00e7\u00e3o com estandes de empresas de diversos setores, onde expositores podem vender seus produtos ou servi\u00e7os diretamente no local. H\u00e1 espa\u00e7os destinados a neg\u00f3cios de tecnologia, servi\u00e7os, franquias, inova\u00e7\u00e3o, sustentabilidade e mais. Os visitantes podem interagir com startups, representantes de marcas e potenciais parceiros, ampliando a rede de contatos de maneira qualificada.<\/p>\n\n\n\n<p>Desde sua concep\u00e7\u00e3o, a Expo Empreendedor busca tornar o empreendedorismo mais acess\u00edvel e transformador. O evento oferece uma experi\u00eancia que vai al\u00e9m do aprendizado te\u00f3rico: \u00e9 um espa\u00e7o de conex\u00f5es reais, networking estrat\u00e9gico, imers\u00e3o em conte\u00fados inspiradores e oportunidades de neg\u00f3cios concretas. Al\u00e9m disso, a organiza\u00e7\u00e3o se apoia na certifica\u00e7\u00e3o do Programa GODS do Pacto Global da ONU, promovendo pr\u00e1ticas alinhadas com o Objetivo de Desenvolvimento Sustent\u00e1vel 8 (Trabalho Decente e Crescimento Econ\u00f4mico).<\/p>\n\n\n\n<p>A escolha do Expo Center Norte permite f\u00e1cil acesso por carro, transporte p\u00fablico ou metr\u00f4, com boas op\u00e7\u00f5es de deslocamento para quem vem de diferentes regi\u00f5es da cidade. O evento \u00e9 100% presencial e oferece estrutura adequada, incluindo acessibilidade para pessoas com defici\u00eancia.<\/p>\n\n\n\n<p>Participar da Expo Empreendedor 2025 \u00e9 uma oportunidade de vivenciar um ambiente din\u00e2mico, com troca de ideias e experi\u00eancias entre empreendedores de todos os perfis. Seja para buscar inspira\u00e7\u00e3o, fechar parcerias, aprender com especialistas ou expandir sua vis\u00e3o sobre neg\u00f3cios, o evento promete ser um marco para quem deseja crescer profissionalmente e fortalecer sua presen\u00e7a no mercado.<\/p>\n\n\n\n<p>Junte-se a n\u00f3s nos dias 25 a 26 de julho, das 11h \u00e0s 19h no Expo Center Norte.<\/p>\n\n\n\n<p>Endere\u00e7o: Av. Otto Baumgart, 1000 &#8211; S\u00e3o Paulo \/ SP<br><br><\/p>\n","protected":false},"excerpt":{"rendered":"<p>A Expo Empreendedor \u00e9 reconhecida como a feira de empreendedorismo que mais cresce no Brasil, reunindo mais de 60\u202f000 participantes, cerca de 750 marcas e expositores, e gerando mais de 300 milh\u00f5es de reais em neg\u00f3cios durante sua realiza\u00e7\u00e3o. A proposta central da Expo Empreendedor \u00e9 fomentar o empreendedorismo em todos os n\u00edveis: desde quem [&hellip;]<\/p>\n","protected":false},"author":3,"featured_media":4795,"comment_status":"open","ping_status":"open","sticky":false,"template":"","format":"standard","meta":{"footnotes":""},"categories":[25],"tags":[],"class_list":{"0":"post-4794","1":"post","2":"type-post","3":"status-publish","4":"format-standard","5":"has-post-thumbnail","7":"category-calendariodeeventos"},"_links":{"self":[{"href":"https:\/\/tveventos.tv.br\/index.php?rest_route=\/wp\/v2\/posts\/4794","targetHints":{"allow":["GET"]}}],"collection":[{"href":"https:\/\/tveventos.tv.br\/index.php?rest_route=\/wp\/v2\/posts"}],"about":[{"href":"https:\/\/tveventos.tv.br\/index.php?rest_route=\/wp\/v2\/types\/post"}],"author":[{"embeddable":true,"href":"https:\/\/tveventos.tv.br\/index.php?rest_route=\/wp\/v2\/users\/3"}],"replies":[{"embeddable":true,"href":"https:\/\/tveventos.tv.br\/index.php?rest_route=%2Fwp%2Fv2%2Fcomments&post=4794"}],"version-history":[{"count":1,"href":"https:\/\/tveventos.tv.br\/index.php?rest_route=\/wp\/v2\/posts\/4794\/revisions"}],"predecessor-version":[{"id":4796,"href":"https:\/\/tveventos.tv.br\/index.php?rest_route=\/wp\/v2\/posts\/4794\/revisions\/4796"}],"wp:featuredmedia":[{"embeddable":true,"href":"https:\/\/tveventos.tv.br\/index.php?rest_route=\/wp\/v2\/media\/4795"}],"wp:attachment":[{"href":"https:\/\/tveventos.tv.br\/index.php?rest_route=%2Fwp%2Fv2%2Fmedia&parent=4794"}],"wp:term":[{"taxonomy":"category","embeddable":true,"href":"https:\/\/tveventos.tv.br\/index.php?rest_route=%2Fwp%2Fv2%2Fcategories&post=4794"},{"taxonomy":"post_tag","embeddable":true,"href":"https:\/\/tveventos.tv.br\/index.php?rest_route=%2Fwp%2Fv2%2Ftags&post=4794"}],"curies":[{"name":"wp","href":"https:\/\/api.w.org\/{rel}","templated":true}]}}