{"id":4800,"date":"2025-07-28T18:50:09","date_gmt":"2025-07-28T21:50:09","guid":{"rendered":"https:\/\/tveventos.tv.br\/?p=4800"},"modified":"2025-07-28T18:50:10","modified_gmt":"2025-07-28T21:50:10","slug":"forum-e-commerce-brasil","status":"publish","type":"post","link":"https:\/\/tveventos.tv.br\/?p=4800","title":{"rendered":"F\u00d3RUM E-COMMERCE BRASIL"},"content":{"rendered":"\n<p>O F\u00f3rum E\u2011Commerce Brasil 2025 acontecer\u00e1 nos dias 29, 30 e 31 de julho de 2025, no Distrito Anhembi e \u00e9 tido como o maior evento de com\u00e9rcio eletr\u00f4nico da Am\u00e9rica Latina, reunindo mais de 30 mil participantes e cerca de 300 empresas expositoras.<\/p>\n\n\n\n<p>Durante esses tr\u00eas dias, o pavilh\u00e3o se tornar\u00e1 um verdadeiro epicentro de inova\u00e7\u00e3o, contato e aprendizado para profissionais de diversas \u00e1reas desde empres\u00e1rios de micro e pequeno porte at\u00e9 executivos de grandes redes varejistas. A programa\u00e7\u00e3o inclui quatro palcos simult\u00e2neos, com trilhas de conte\u00fado voltadas para temas como intelig\u00eancia artificial aplicada ao varejo, log\u00edstica inteligente, performance digital, tecnologia, omnicanalidade, marketplaces e gest\u00e3o de opera\u00e7\u00f5es.<\/p>\n\n\n\n<p>\u00c0 medida que o F\u00f3rum se aproxima, o espa\u00e7o expositivo transforma-se em uma vitrine para solu\u00e7\u00f5es inovadoras: s\u00e3o mais de 280 a 300 expositores, oferecendo op\u00e7\u00f5es que v\u00e3o desde plataformas tecnol\u00f3gicas e servi\u00e7os de pagamento at\u00e9 ferramentas de automa\u00e7\u00e3o e seguran\u00e7a digital. A expectativa \u00e9 gerar aproximadamente R$\u202f1,5\u202fbilh\u00e3o a R$\u202f1,8\u202fbilh\u00e3o em neg\u00f3cios, refor\u00e7ando a relev\u00e2ncia comercial do evento para o setor.<\/p>\n\n\n\n<p>Para os participantes, o ambiente cria espa\u00e7o n\u00e3o apenas de networking, mas tamb\u00e9m de colabora\u00e7\u00e3o intensa: h\u00e1 lounges de descompress\u00e3o, workspaces para reuni\u00f5es individuais ou em grupo, e \u00e1reas voltadas \u00e0 mentoria e \u00e0 intera\u00e7\u00e3o direta com especialistas. Al\u00e9m disso, o RocketGen 2025, competi\u00e7\u00e3o dedicada a startups com solu\u00e7\u00f5es em Intelig\u00eancia Artificial Generativa para e-commerce, ocupa lugar de destaque, com participa\u00e7\u00e3o ativa dentro do sal\u00e3o do evento.<\/p>\n\n\n\n<p>O F\u00f3rum se destaca ainda por sua representatividade social, oferecendo condi\u00e7\u00f5es especiais para micro e pequenas empresas especialmente por meio de uma parceria com o Sebrae, que disponibiliza consultorias, capacita\u00e7\u00f5es e estandes para promover a digitaliza\u00e7\u00e3o dessas empresas e sua inser\u00e7\u00e3o no mercado digital.<\/p>\n\n\n\n<p>Em s\u00edntese, o F\u00f3rum E\u2011Commerce Brasil 2025 prop\u00f5e um ambiente rico de conte\u00fado, inova\u00e7\u00e3o e conex\u00e3o com o mercado: ideal para quem busca se atualizar sobre tend\u00eancias, ampliar a rede de contatos, conhecer tecnologias emergentes e gerar neg\u00f3cios relevantes no varejo digital brasileiro.<\/p>\n\n\n\n<p>Junte-se a n\u00f3s nos dias 29 a 31 de julho, dia 29 de julho: das 15h \u00e0s 20h, dia 30 de julho: das 8h30 \u00e0s 20h, dia 31 de julho: das 8h30 \u00e0s 21h no Distrito Anhembi<\/p>\n\n\n\n<p>Endere\u00e7o: Avenida Olavo Fontoura, N\u00b0 1. 209\/Santana, S\u00e3o Paulo, SP, 02012-021<br><\/p>\n\n\n\n<p><br><\/p>\n","protected":false},"excerpt":{"rendered":"<p>O F\u00f3rum E\u2011Commerce Brasil 2025 acontecer\u00e1 nos dias 29, 30 e 31 de julho de 2025, no Distrito Anhembi e \u00e9 tido como o maior evento de com\u00e9rcio eletr\u00f4nico da Am\u00e9rica Latina, reunindo mais de 30 mil participantes e cerca de 300 empresas expositoras. Durante esses tr\u00eas dias, o pavilh\u00e3o se tornar\u00e1 um verdadeiro epicentro [&hellip;]<\/p>\n","protected":false},"author":3,"featured_media":4801,"comment_status":"open","ping_status":"open","sticky":false,"template":"","format":"standard","meta":{"footnotes":""},"categories":[25],"tags":[],"class_list":{"0":"post-4800","1":"post","2":"type-post","3":"status-publish","4":"format-standard","5":"has-post-thumbnail","7":"category-calendariodeeventos"},"_links":{"self":[{"href":"https:\/\/tveventos.tv.br\/index.php?rest_route=\/wp\/v2\/posts\/4800","targetHints":{"allow":["GET"]}}],"collection":[{"href":"https:\/\/tveventos.tv.br\/index.php?rest_route=\/wp\/v2\/posts"}],"about":[{"href":"https:\/\/tveventos.tv.br\/index.php?rest_route=\/wp\/v2\/types\/post"}],"author":[{"embeddable":true,"href":"https:\/\/tveventos.tv.br\/index.php?rest_route=\/wp\/v2\/users\/3"}],"replies":[{"embeddable":true,"href":"https:\/\/tveventos.tv.br\/index.php?rest_route=%2Fwp%2Fv2%2Fcomments&post=4800"}],"version-history":[{"count":1,"href":"https:\/\/tveventos.tv.br\/index.php?rest_route=\/wp\/v2\/posts\/4800\/revisions"}],"predecessor-version":[{"id":4802,"href":"https:\/\/tveventos.tv.br\/index.php?rest_route=\/wp\/v2\/posts\/4800\/revisions\/4802"}],"wp:featuredmedia":[{"embeddable":true,"href":"https:\/\/tveventos.tv.br\/index.php?rest_route=\/wp\/v2\/media\/4801"}],"wp:attachment":[{"href":"https:\/\/tveventos.tv.br\/index.php?rest_route=%2Fwp%2Fv2%2Fmedia&parent=4800"}],"wp:term":[{"taxonomy":"category","embeddable":true,"href":"https:\/\/tveventos.tv.br\/index.php?rest_route=%2Fwp%2Fv2%2Fcategories&post=4800"},{"taxonomy":"post_tag","embeddable":true,"href":"https:\/\/tveventos.tv.br\/index.php?rest_route=%2Fwp%2Fv2%2Ftags&post=4800"}],"curies":[{"name":"wp","href":"https:\/\/api.w.org\/{rel}","templated":true}]}}