{"id":4806,"date":"2025-08-04T18:35:11","date_gmt":"2025-08-04T21:35:11","guid":{"rendered":"https:\/\/tveventos.tv.br\/?p=4806"},"modified":"2025-08-04T18:35:12","modified_gmt":"2025-08-04T21:35:12","slug":"smart-grid-forum","status":"publish","type":"post","link":"https:\/\/tveventos.tv.br\/?p=4806","title":{"rendered":"SMART GRID F\u00d3RUM"},"content":{"rendered":"\n<p>A feira Smart Grid 2025 ser\u00e1 uma das principais plataformas de neg\u00f3cios, tecnologia e conhecimento voltadas para o setor de energia el\u00e9trica inteligente no Brasil. O evento, que acontece tradicionalmente em S\u00e3o Paulo, re\u00fane profissionais de toda a cadeia energ\u00e9tica, como concession\u00e1rias, ag\u00eancias reguladoras, empresas de tecnologia, fornecedores de equipamentos e solu\u00e7\u00f5es, startups, consultores e pesquisadores, com o objetivo de debater e apresentar as inova\u00e7\u00f5es que est\u00e3o moldando o futuro das redes el\u00e9tricas. A edi\u00e7\u00e3o de 2025 ser\u00e1 marcada pelo avan\u00e7o das solu\u00e7\u00f5es digitais, pela expans\u00e3o da automa\u00e7\u00e3o e pelo crescimento da agenda ESG dentro das concession\u00e1rias de energia, refor\u00e7ando o papel das redes inteligentes na transi\u00e7\u00e3o energ\u00e9tica e na constru\u00e7\u00e3o de um sistema mais eficiente, resiliente e sustent\u00e1vel.<\/p>\n\n\n\n<p>A feira serve como vitrine para tecnologias de ponta como medidores inteligentes, automa\u00e7\u00e3o da distribui\u00e7\u00e3o, armazenamento de energia, gerenciamento de carga, integra\u00e7\u00e3o com fontes renov\u00e1veis, intelig\u00eancia artificial, internet das coisas e seguran\u00e7a cibern\u00e9tica aplicada ao setor el\u00e9trico. Al\u00e9m da \u00e1rea de exposi\u00e7\u00e3o, o evento contar\u00e1 com um congresso t\u00e9cnico de alto n\u00edvel, reunindo especialistas nacionais e internacionais para discutir os desafios e oportunidades do setor, a regula\u00e7\u00e3o, os novos modelos de neg\u00f3cio, a descentraliza\u00e7\u00e3o da gera\u00e7\u00e3o e o papel do consumidor nesse novo cen\u00e1rio. Temas como mobilidade el\u00e9trica, gera\u00e7\u00e3o distribu\u00edda, cidades inteligentes e o uso de dados para tomada de decis\u00e3o estar\u00e3o em destaque, refletindo o movimento de moderniza\u00e7\u00e3o do setor el\u00e9trico brasileiro.<\/p>\n\n\n\n<p>A Smart Grid 2025 se posiciona como um evento estrat\u00e9gico para quem busca estar atualizado com as mudan\u00e7as tecnol\u00f3gicas e regulat\u00f3rias que impactam diretamente a opera\u00e7\u00e3o das distribuidoras, o comportamento dos consumidores e a sustentabilidade do sistema energ\u00e9tico como um todo. Com uma programa\u00e7\u00e3o din\u00e2mica, oportunidades de networking e exposi\u00e7\u00e3o de solu\u00e7\u00f5es inovadoras, a feira se consolida como um espa\u00e7o essencial para a transforma\u00e7\u00e3o digital da energia no Brasil.<\/p>\n\n\n\n<p>Junte-se a n\u00f3s nos dias 4 a 5 de agosto, das 08:30h \u00e0s 18:00h (dia 5 at\u00e9 \u00e0s 17h30) no Centro de Conven\u00e7\u00f5es Frei Caneca<\/p>\n\n\n\n<p>Endere\u00e7o: Rua Frei Caneca 569, S\u00e3o Paulo, SP, 01307-001\u00a0<br><\/p>\n","protected":false},"excerpt":{"rendered":"<p>A feira Smart Grid 2025 ser\u00e1 uma das principais plataformas de neg\u00f3cios, tecnologia e conhecimento voltadas para o setor de energia el\u00e9trica inteligente no Brasil. O evento, que acontece tradicionalmente em S\u00e3o Paulo, re\u00fane profissionais de toda a cadeia energ\u00e9tica, como concession\u00e1rias, ag\u00eancias reguladoras, empresas de tecnologia, fornecedores de equipamentos e solu\u00e7\u00f5es, startups, consultores e [&hellip;]<\/p>\n","protected":false},"author":4,"featured_media":4808,"comment_status":"open","ping_status":"open","sticky":false,"template":"","format":"standard","meta":{"footnotes":""},"categories":[25],"tags":[],"class_list":{"0":"post-4806","1":"post","2":"type-post","3":"status-publish","4":"format-standard","5":"has-post-thumbnail","7":"category-calendariodeeventos"},"_links":{"self":[{"href":"https:\/\/tveventos.tv.br\/index.php?rest_route=\/wp\/v2\/posts\/4806","targetHints":{"allow":["GET"]}}],"collection":[{"href":"https:\/\/tveventos.tv.br\/index.php?rest_route=\/wp\/v2\/posts"}],"about":[{"href":"https:\/\/tveventos.tv.br\/index.php?rest_route=\/wp\/v2\/types\/post"}],"author":[{"embeddable":true,"href":"https:\/\/tveventos.tv.br\/index.php?rest_route=\/wp\/v2\/users\/4"}],"replies":[{"embeddable":true,"href":"https:\/\/tveventos.tv.br\/index.php?rest_route=%2Fwp%2Fv2%2Fcomments&post=4806"}],"version-history":[{"count":1,"href":"https:\/\/tveventos.tv.br\/index.php?rest_route=\/wp\/v2\/posts\/4806\/revisions"}],"predecessor-version":[{"id":4809,"href":"https:\/\/tveventos.tv.br\/index.php?rest_route=\/wp\/v2\/posts\/4806\/revisions\/4809"}],"wp:featuredmedia":[{"embeddable":true,"href":"https:\/\/tveventos.tv.br\/index.php?rest_route=\/wp\/v2\/media\/4808"}],"wp:attachment":[{"href":"https:\/\/tveventos.tv.br\/index.php?rest_route=%2Fwp%2Fv2%2Fmedia&parent=4806"}],"wp:term":[{"taxonomy":"category","embeddable":true,"href":"https:\/\/tveventos.tv.br\/index.php?rest_route=%2Fwp%2Fv2%2Fcategories&post=4806"},{"taxonomy":"post_tag","embeddable":true,"href":"https:\/\/tveventos.tv.br\/index.php?rest_route=%2Fwp%2Fv2%2Ftags&post=4806"}],"curies":[{"name":"wp","href":"https:\/\/api.w.org\/{rel}","templated":true}]}}