{"id":4815,"date":"2025-08-11T15:42:21","date_gmt":"2025-08-11T18:42:21","guid":{"rendered":"https:\/\/tveventos.tv.br\/?p=4815"},"modified":"2025-08-11T15:42:22","modified_gmt":"2025-08-11T18:42:22","slug":"15a-edicao-da-abcasa-fair-reune-especialistas-experiencias-praticas-e-debates-sobre-o-futuro-do-setor-de-artigos-para-casa","status":"publish","type":"post","link":"https:\/\/tveventos.tv.br\/?p=4815","title":{"rendered":"15\u00aa edi\u00e7\u00e3o da ABCasa Fair re\u00fane especialistas, experi\u00eancias pr\u00e1ticas e debates sobre o futuro do setor de artigos para casa"},"content":{"rendered":"\n<p><em>Feira amplia sua agenda de conte\u00fado com mais de 30 palestras gratuitas<\/em><\/p>\n\n\n\n<p>A 15\u00aa edi\u00e7\u00e3o da ABCasa Fair, que acontece de 13 a 16 de agosto, no Expo Center Norte, em S\u00e3o Paulo, destaca-se por oferecer uma programa\u00e7\u00e3o estrat\u00e9gica voltada ao desenvolvimento do setor de artigos para casa. Nesta edi\u00e7\u00e3o, a feira refor\u00e7a seu papel como plataforma de conhecimento por meio de uma programa\u00e7\u00e3o gratuita, estruturada em dois espa\u00e7os exclusivos: o Talks, com foco em tend\u00eancias e estrat\u00e9gias de mercado, e o Casa Clube, voltado \u00e0 aplica\u00e7\u00e3o pr\u00e1tica em organiza\u00e7\u00e3o, visual merchandising e ambienta\u00e7\u00e3o.<\/p>\n\n\n\n<p>Al\u00e9m de fomentar conhecimento, a ABCasa Fair, organizada pela ABCasa, Associa\u00e7\u00e3o Brasileira que representa o setor de artigos para casa nos segmentos de decora\u00e7\u00e3o, presentes e papelaria, utilidades dom\u00e9sticas, festas, flores permanentes e t\u00eaxtil mant\u00e9m seu papel como a maior feira B2B de artigos para casa da Am\u00e9rica Latina. Com mais de 75 mil m\u00b2 de \u00e1rea expositiva, o evento re\u00fane cerca de 400 expositores e atrai um p\u00fablico qualificado de 45 mil visitantes, entre lojistas, decoradores, arquitetos, compradores, distribuidores e influenciadores.<\/p>\n\n\n\n<p>A feira apresenta uma experi\u00eancia completa, que combina neg\u00f3cios, lan\u00e7amentos, vitrines criativas e oportunidades reais de relacionamento e crescimento profissional.<\/p>\n\n\n\n<p><strong>Talks: debates estrat\u00e9gicos e tend\u00eancias do mercado<\/strong><\/p>\n\n\n\n<p>No palco do Talks, a curadoria de conte\u00fado apresenta uma sele\u00e7\u00e3o de especialistas e profissionais de destaque, que abordam temas atuais com impacto direto no comportamento de consumo, no posicionamento de marca e na transforma\u00e7\u00e3o do varejo.<\/p>\n\n\n\n<p>Participam desta edi\u00e7\u00e3o:<\/p>\n\n\n\n<ul class=\"wp-block-list\">\n<li>Gustavo Mondo, Head de Home &amp; Living do TikTok Shop Brasil, abordando o futuro do social commerce e o comportamento do consumidor em plataformas digitais;<\/li>\n\n\n\n<li>F\u00e1bio Farias, fundador da rede Love Gifts, mostrando como a intelig\u00eancia artificial pode potencializar as vendas no varejo;<\/li>\n\n\n\n<li>Cacau Miranda, estrategista de posicionamento, trazendo ferramentas para criar marcas desejadas e lucrativas;<\/li>\n\n\n\n<li>Thaize Tavares, especialista em vendas, com t\u00e9cnicas para transformar conversas em convers\u00f5es efetivas;<\/li>\n\n\n\n<li>Adeilton Nunes, do perfil Pense e Decore (@penseedecore), revelando as principais tend\u00eancias de decora\u00e7\u00e3o para 2025.<\/li>\n<\/ul>\n\n\n\n<p>Outros nomes como Andrea Lenz, Chris Campos, Natalia Salla, Ricardo Fontenele, Rafael Lima, Casal Mediers, Claudia Pixu, Mayra Prieto, Janine Antunes e Gabriela Nora, al\u00e9m de Paulo de Tarso, da Popai Brasil; Giovana Bortolozzo e Erika Bemfica, da Casa Riachuelo; e Edson Coutinho, da Tok&amp;Stok. tamb\u00e9m est\u00e3o confirmados, com temas que envolvem de produ\u00e7\u00e3o de ambientes a mesa posta, redes sociais, marketplaces, cenografia, design emocional e experi\u00eancias de consumo.<\/p>\n\n\n\n<p><strong>Casa Clube: experi\u00eancias pr\u00e1ticas e aplic\u00e1veis<\/strong><\/p>\n\n\n\n<p>Complementando o conte\u00fado da feira, o Casa Clube re\u00fane profissionais com viv\u00eancia no ponto de venda e oferece pain\u00e9is voltados \u00e0 organiza\u00e7\u00e3o de espa\u00e7os, ambienta\u00e7\u00e3o e estrat\u00e9gias para encantar o consumidor. Com foco na pr\u00e1tica, o espa\u00e7o tem curadoria pensada para quem deseja aplicar de forma imediata o que aprende na feira.<\/p>\n\n\n\n<p>Entre os destaques est\u00e3o:<\/p>\n\n\n\n<ul class=\"wp-block-list\">\n<li>Nina Melo, Arquiteta e Personal Organizer;<\/li>\n\n\n\n<li>Silvia Grilli, Design de Interiores;<\/li>\n\n\n\n<li>Soraia Lopes, Designer e propriet\u00e1ria do Studio Solo Design e Interiores.<\/li>\n<\/ul>\n\n\n\n<p>A ABCasa Fair \u00e9 reconhecida por integrar conte\u00fado de qualidade, vitrines inspiradoras e um ambiente prop\u00edcio ao relacionamento e aos neg\u00f3cios. O evento \u00e9 uma das principais vitrines do setor e refer\u00eancia para quem busca inova\u00e7\u00e3o, networking e crescimento.<\/p>\n\n\n\n<p>\u201cCada edi\u00e7\u00e3o da ABCasa Fair amplia o impacto da nossa ind\u00fastria criativa, unindo conhecimento e conex\u00e3o com resultados reais. Com o Talks e o Casa Clube, fortalecemos ainda mais o posicionamento da feira como motor de desenvolvimento para o setor\u201d, afirma Eduardo Cincinato, presidente da ABCasa.<\/p>\n\n\n\n<p><br>Confira a programa\u00e7\u00e3o completa das palestras:<\/p>\n\n\n\n<figure class=\"wp-block-embed is-type-wp-embed is-provider-abcasa-fair wp-block-embed-abcasa-fair\"><div class=\"wp-block-embed__wrapper\">\n<blockquote class=\"wp-embedded-content\" data-secret=\"fZnvdBJw7g\"><a href=\"https:\/\/abcasafair.com.br\/talks\/\">Talks<\/a><\/blockquote><iframe loading=\"lazy\" class=\"wp-embedded-content\" sandbox=\"allow-scripts\" security=\"restricted\" style=\"position: absolute; visibility: hidden;\" title=\"&#8220;Talks&#8221; &#8212; ABCasa Fair\" src=\"https:\/\/abcasafair.com.br\/talks\/embed\/#?secret=fZnvdBJw7g\" data-secret=\"fZnvdBJw7g\" width=\"600\" height=\"338\" frameborder=\"0\" marginwidth=\"0\" marginheight=\"0\" scrolling=\"no\"><\/iframe>\n<\/div><\/figure>\n\n\n\n<figure class=\"wp-block-embed is-type-wp-embed is-provider-abcasa-fair wp-block-embed-abcasa-fair\"><div class=\"wp-block-embed__wrapper\">\n<blockquote class=\"wp-embedded-content\" data-secret=\"ogxLQqcUrf\"><a href=\"https:\/\/abcasafair.com.br\/casa-clube\/\">Casa Clube<\/a><\/blockquote><iframe loading=\"lazy\" class=\"wp-embedded-content\" sandbox=\"allow-scripts\" security=\"restricted\" style=\"position: absolute; visibility: hidden;\" title=\"&#8220;Casa Clube&#8221; &#8212; ABCasa Fair\" src=\"https:\/\/abcasafair.com.br\/casa-clube\/embed\/#?secret=ogxLQqcUrf\" data-secret=\"ogxLQqcUrf\" width=\"600\" height=\"338\" frameborder=\"0\" marginwidth=\"0\" marginheight=\"0\" scrolling=\"no\"><\/iframe>\n<\/div><\/figure>\n","protected":false},"excerpt":{"rendered":"<p>Feira amplia sua agenda de conte\u00fado com mais de 30 palestras gratuitas A 15\u00aa edi\u00e7\u00e3o da ABCasa Fair, que acontece de 13 a 16 de agosto, no Expo Center Norte, em S\u00e3o Paulo, destaca-se por oferecer uma programa\u00e7\u00e3o estrat\u00e9gica voltada ao desenvolvimento do setor de artigos para casa. Nesta edi\u00e7\u00e3o, a feira refor\u00e7a seu papel [&hellip;]<\/p>\n","protected":false},"author":4,"featured_media":4816,"comment_status":"open","ping_status":"open","sticky":false,"template":"","format":"standard","meta":{"footnotes":""},"categories":[23],"tags":[],"class_list":{"0":"post-4815","1":"post","2":"type-post","3":"status-publish","4":"format-standard","5":"has-post-thumbnail","7":"category-feirasdenegocios"},"_links":{"self":[{"href":"https:\/\/tveventos.tv.br\/index.php?rest_route=\/wp\/v2\/posts\/4815","targetHints":{"allow":["GET"]}}],"collection":[{"href":"https:\/\/tveventos.tv.br\/index.php?rest_route=\/wp\/v2\/posts"}],"about":[{"href":"https:\/\/tveventos.tv.br\/index.php?rest_route=\/wp\/v2\/types\/post"}],"author":[{"embeddable":true,"href":"https:\/\/tveventos.tv.br\/index.php?rest_route=\/wp\/v2\/users\/4"}],"replies":[{"embeddable":true,"href":"https:\/\/tveventos.tv.br\/index.php?rest_route=%2Fwp%2Fv2%2Fcomments&post=4815"}],"version-history":[{"count":1,"href":"https:\/\/tveventos.tv.br\/index.php?rest_route=\/wp\/v2\/posts\/4815\/revisions"}],"predecessor-version":[{"id":4817,"href":"https:\/\/tveventos.tv.br\/index.php?rest_route=\/wp\/v2\/posts\/4815\/revisions\/4817"}],"wp:featuredmedia":[{"embeddable":true,"href":"https:\/\/tveventos.tv.br\/index.php?rest_route=\/wp\/v2\/media\/4816"}],"wp:attachment":[{"href":"https:\/\/tveventos.tv.br\/index.php?rest_route=%2Fwp%2Fv2%2Fmedia&parent=4815"}],"wp:term":[{"taxonomy":"category","embeddable":true,"href":"https:\/\/tveventos.tv.br\/index.php?rest_route=%2Fwp%2Fv2%2Fcategories&post=4815"},{"taxonomy":"post_tag","embeddable":true,"href":"https:\/\/tveventos.tv.br\/index.php?rest_route=%2Fwp%2Fv2%2Ftags&post=4815"}],"curies":[{"name":"wp","href":"https:\/\/api.w.org\/{rel}","templated":true}]}}