{"id":4819,"date":"2025-08-14T17:48:37","date_gmt":"2025-08-14T20:48:37","guid":{"rendered":"https:\/\/tveventos.tv.br\/?p=4819"},"modified":"2025-08-14T17:48:38","modified_gmt":"2025-08-14T20:48:38","slug":"abcasa-fair-4","status":"publish","type":"post","link":"https:\/\/tveventos.tv.br\/?p=4819","title":{"rendered":"ABCASA.FAIR"},"content":{"rendered":"\n<p>A ABCasa Fair 2025 acontecer\u00e1 de 13 a 16 de agosto de 2025, no Expo Center Norte, em S\u00e3o Paulo, reunindo num s\u00f3 espa\u00e7o os principais segmentos do universo de artigos para casa, decora\u00e7\u00e3o, utilidades dom\u00e9sticas, festas, flores, presentes, t\u00eaxteis e papelaria.<\/p>\n\n\n\n<p>Esse evento \u00e9 considerado a maior feira B2B da Am\u00e9rica Latina e a s\u00e9tima maior do mundo no segmento. Trata-se de uma oportunidade estrat\u00e9gica e indispens\u00e1vel para profissionais incluindo lojistas, arquitetos, decoradores, designers, organizadores de eventos, representantes de buffets, hot\u00e9is e supermercados que desejam descobrir tend\u00eancias, fechar neg\u00f3cios e conhecer lan\u00e7amentos diretamente de fabricantes, distribuidores, importadores e artes\u00e3os.<\/p>\n\n\n\n<p>A estimativa \u00e9 que a feira re\u00fana mais de 400 expositores ocupando uma \u00e1rea de mais de 70 mil metros quadrados. Segundo a plataforma 10times, s\u00e3o esperados cerca de 721 expositores, n\u00famero dispon\u00edvel de edi\u00e7\u00f5es anteriores e que indica a dimens\u00e3o do evento. A programa\u00e7\u00e3o tamb\u00e9m inclui rodadas de neg\u00f3cios internacionais (\u201cInternational Business Rounds\u201d), encontros desenhados para conectar compradores estrangeiros com expositores brasileiros.<\/p>\n\n\n\n<p>Organizada pela ABCasa (Associa\u00e7\u00e3o Brasileira de Artigos para Casa, Decora\u00e7\u00e3o, Presentes e Utilidades Dom\u00e9sticas), a feira oferece, al\u00e9m da exposi\u00e7\u00e3o de produtos, uma programa\u00e7\u00e3o rica em conte\u00fado com palestras, talks, espa\u00e7o Casa Clube, planta da feira, transporte gratuito e suporte para credenciamento. A entidade, que conta com centenas de associados, tem o prop\u00f3sito de promover inova\u00e7\u00e3o, ampliar fronteiras comerciais e gerar oportunidades estrat\u00e9gicas para seus membros e o mercado como um todo.<\/p>\n\n\n\n<p>Junte-se a n\u00f3s nos dias 13 a 16 de agosto, dia 13 a 15 das 10h \u00e0s 20h, e no dia 16 das 10h \u00e0s 17h no Expo Center Norte.<\/p>\n\n\n\n<p>Endere\u00e7o: Rua Jos\u00e9 Bernardo Pinto 333, S\u00e3o Paulo, SP, 02055-000<br><\/p>\n","protected":false},"excerpt":{"rendered":"<p>A ABCasa Fair 2025 acontecer\u00e1 de 13 a 16 de agosto de 2025, no Expo Center Norte, em S\u00e3o Paulo, reunindo num s\u00f3 espa\u00e7o os principais segmentos do universo de artigos para casa, decora\u00e7\u00e3o, utilidades dom\u00e9sticas, festas, flores, presentes, t\u00eaxteis e papelaria. Esse evento \u00e9 considerado a maior feira B2B da Am\u00e9rica Latina e a [&hellip;]<\/p>\n","protected":false},"author":4,"featured_media":4821,"comment_status":"open","ping_status":"open","sticky":false,"template":"","format":"standard","meta":{"footnotes":""},"categories":[25],"tags":[],"class_list":{"0":"post-4819","1":"post","2":"type-post","3":"status-publish","4":"format-standard","5":"has-post-thumbnail","7":"category-calendariodeeventos"},"_links":{"self":[{"href":"https:\/\/tveventos.tv.br\/index.php?rest_route=\/wp\/v2\/posts\/4819","targetHints":{"allow":["GET"]}}],"collection":[{"href":"https:\/\/tveventos.tv.br\/index.php?rest_route=\/wp\/v2\/posts"}],"about":[{"href":"https:\/\/tveventos.tv.br\/index.php?rest_route=\/wp\/v2\/types\/post"}],"author":[{"embeddable":true,"href":"https:\/\/tveventos.tv.br\/index.php?rest_route=\/wp\/v2\/users\/4"}],"replies":[{"embeddable":true,"href":"https:\/\/tveventos.tv.br\/index.php?rest_route=%2Fwp%2Fv2%2Fcomments&post=4819"}],"version-history":[{"count":1,"href":"https:\/\/tveventos.tv.br\/index.php?rest_route=\/wp\/v2\/posts\/4819\/revisions"}],"predecessor-version":[{"id":4822,"href":"https:\/\/tveventos.tv.br\/index.php?rest_route=\/wp\/v2\/posts\/4819\/revisions\/4822"}],"wp:featuredmedia":[{"embeddable":true,"href":"https:\/\/tveventos.tv.br\/index.php?rest_route=\/wp\/v2\/media\/4821"}],"wp:attachment":[{"href":"https:\/\/tveventos.tv.br\/index.php?rest_route=%2Fwp%2Fv2%2Fmedia&parent=4819"}],"wp:term":[{"taxonomy":"category","embeddable":true,"href":"https:\/\/tveventos.tv.br\/index.php?rest_route=%2Fwp%2Fv2%2Fcategories&post=4819"},{"taxonomy":"post_tag","embeddable":true,"href":"https:\/\/tveventos.tv.br\/index.php?rest_route=%2Fwp%2Fv2%2Ftags&post=4819"}],"curies":[{"name":"wp","href":"https:\/\/api.w.org\/{rel}","templated":true}]}}