{"id":4823,"date":"2025-08-14T18:01:33","date_gmt":"2025-08-14T21:01:33","guid":{"rendered":"https:\/\/tveventos.tv.br\/?p=4823"},"modified":"2025-08-14T18:01:33","modified_gmt":"2025-08-14T21:01:33","slug":"conta-azul-con-2025","status":"publish","type":"post","link":"https:\/\/tveventos.tv.br\/?p=4823","title":{"rendered":"CONTA AZUL CON 2025"},"content":{"rendered":"\n<p>A Conta Azul Con 2025 acontecer\u00e1 nos dias 14 e 15 de agosto, no Transam\u00e9rica Expo Center, em S\u00e3o Paulo, mesclando contabilidade, tecnologia e empreendedorismo em uma experi\u00eancia imersiva e transformadora no setor cont\u00e1bil e de BPO financeiro. Sob o tema \u201cO Futuro Conta Com Voc\u00ea\u201d, a confer\u00eancia traz uma atmosfera de inova\u00e7\u00e3o, networking estrat\u00e9gico e forte inspira\u00e7\u00e3o.<\/p>\n\n\n\n<p>Nos dois dias de evento, os participantes ter\u00e3o acesso a mais de 50 horas de conte\u00fado, com a presen\u00e7a de mais de 60 palestrantes renomados e mais de 100 expositores oferecendo solu\u00e7\u00f5es e insights que refletem as tend\u00eancias mais atuais do mercado.<\/p>\n\n\n\n<p>As discuss\u00f5es ser\u00e3o centradas nos impactos da intelig\u00eancia artificial, inova\u00e7\u00e3o cont\u00e1bil, tecnologia financeira, gest\u00e3o digital, empreendedorismo e nas transforma\u00e7\u00f5es que v\u00eam moldando a profiss\u00e3o de contador e os servi\u00e7os de BPO financeiro no Brasil.<\/p>\n\n\n\n<p>Entre os nomes j\u00e1 confirmados est\u00e3o alguns dos mais influentes do cen\u00e1rio atual: Cris Arcangeli, que abrir\u00e1 o evento com uma mensagem de futuro e resili\u00eancia; Roberto Prado, do Google Cloud, compartilhando cases e aplica\u00e7\u00f5es de IA; Diego Barreto, do iFood, discutindo a ascens\u00e3o do perfil empreendedor; al\u00e9m de especialistas como Contador Revoltado, Val\u00e9ria Fernandes, Aline Portela, Catarina Amaral e Roberto Dias Duarte, entre outros.<\/p>\n\n\n\n<p>O evento vai al\u00e9m da programa\u00e7\u00e3o oficial, oferecendo oportunidades reais de networking estruturado, feira de neg\u00f3cios e, para encerrar em grande estilo, um show com a banda Jota Quest no dia 15 de agosto, criando um momento de celebra\u00e7\u00e3o e conex\u00e3o entre os participantes.<\/p>\n\n\n\n<p>De acordo com o CEO da Conta Azul, Vinicius Roveda, a proposta \u00e9 elevar ainda mais o impacto do evento: \u201cNo ano passado, reunimos mais de 4 mil profissionais em 2025 queremos alcan\u00e7ar um novo recorde\u201d e, por isso, a programa\u00e7\u00e3o incluir\u00e1 quatro trilhas de masterclasses, conte\u00fado de profundidade e amplas frentes de intera\u00e7\u00e3o.<\/p>\n\n\n\n<p>\u00a0A Conta Azul Con 2025 \u00e9 ideal para contadores, gestores financeiros, profissionais de BPO financeiro, contabilidade digital e empreendedores que buscam estar na vanguarda das mudan\u00e7as do mercado, absorver estrat\u00e9gias inovadoras, construir novos caminhos e impulsionar seus neg\u00f3cios com conhecimento e conex\u00f5es valiosas. A edi\u00e7\u00e3o de 2025 consolida-se como um marco para o setor, reunindo conte\u00fado de ponta, di\u00e1logos estrat\u00e9gicos, inspira\u00e7\u00e3o e divers\u00e3o um verdadeiro ponto de converg\u00eancia para quem quer construir o futuro da contabilidade e da gest\u00e3o financeira no pa\u00eds.<\/p>\n\n\n\n<p>Junte-se a n\u00f3s nos dias 14 a 15 de agosto, das 10h30 \u00e0s 18h no Transameria expo Center<\/p>\n\n\n\n<p>Endere\u00e7o: Av. Dr. M\u00e1rio Vilas Boas Rodrigues 387, S\u00e3o Paulo, SP, 04757-020<br><\/p>\n","protected":false},"excerpt":{"rendered":"<p>A Conta Azul Con 2025 acontecer\u00e1 nos dias 14 e 15 de agosto, no Transam\u00e9rica Expo Center, em S\u00e3o Paulo, mesclando contabilidade, tecnologia e empreendedorismo em uma experi\u00eancia imersiva e transformadora no setor cont\u00e1bil e de BPO financeiro. Sob o tema \u201cO Futuro Conta Com Voc\u00ea\u201d, a confer\u00eancia traz uma atmosfera de inova\u00e7\u00e3o, networking estrat\u00e9gico [&hellip;]<\/p>\n","protected":false},"author":4,"featured_media":4824,"comment_status":"open","ping_status":"open","sticky":false,"template":"","format":"standard","meta":{"footnotes":""},"categories":[25],"tags":[],"class_list":{"0":"post-4823","1":"post","2":"type-post","3":"status-publish","4":"format-standard","5":"has-post-thumbnail","7":"category-calendariodeeventos"},"_links":{"self":[{"href":"https:\/\/tveventos.tv.br\/index.php?rest_route=\/wp\/v2\/posts\/4823","targetHints":{"allow":["GET"]}}],"collection":[{"href":"https:\/\/tveventos.tv.br\/index.php?rest_route=\/wp\/v2\/posts"}],"about":[{"href":"https:\/\/tveventos.tv.br\/index.php?rest_route=\/wp\/v2\/types\/post"}],"author":[{"embeddable":true,"href":"https:\/\/tveventos.tv.br\/index.php?rest_route=\/wp\/v2\/users\/4"}],"replies":[{"embeddable":true,"href":"https:\/\/tveventos.tv.br\/index.php?rest_route=%2Fwp%2Fv2%2Fcomments&post=4823"}],"version-history":[{"count":1,"href":"https:\/\/tveventos.tv.br\/index.php?rest_route=\/wp\/v2\/posts\/4823\/revisions"}],"predecessor-version":[{"id":4825,"href":"https:\/\/tveventos.tv.br\/index.php?rest_route=\/wp\/v2\/posts\/4823\/revisions\/4825"}],"wp:featuredmedia":[{"embeddable":true,"href":"https:\/\/tveventos.tv.br\/index.php?rest_route=\/wp\/v2\/media\/4824"}],"wp:attachment":[{"href":"https:\/\/tveventos.tv.br\/index.php?rest_route=%2Fwp%2Fv2%2Fmedia&parent=4823"}],"wp:term":[{"taxonomy":"category","embeddable":true,"href":"https:\/\/tveventos.tv.br\/index.php?rest_route=%2Fwp%2Fv2%2Fcategories&post=4823"},{"taxonomy":"post_tag","embeddable":true,"href":"https:\/\/tveventos.tv.br\/index.php?rest_route=%2Fwp%2Fv2%2Ftags&post=4823"}],"curies":[{"name":"wp","href":"https:\/\/api.w.org\/{rel}","templated":true}]}}