{"id":4826,"date":"2025-08-15T16:12:20","date_gmt":"2025-08-15T19:12:20","guid":{"rendered":"https:\/\/tveventos.tv.br\/?p=4826"},"modified":"2025-08-15T16:12:21","modified_gmt":"2025-08-15T19:12:21","slug":"conarh-2025","status":"publish","type":"post","link":"https:\/\/tveventos.tv.br\/?p=4826","title":{"rendered":"CONARH 2025"},"content":{"rendered":"\n<p>A edi\u00e7\u00e3o de 2025 do Conarh \u2014 Congresso Nacional de Gest\u00e3o de Pessoas, mais conhecida como Conarh \u2014 se prepara para sua 51\u00aa edi\u00e7\u00e3o entre os dias 19 e 21 de agosto, no S\u00e3o Paulo Expo. Organizado pela ABRH Brasil, este \u00e9 o maior evento dedicado \u00e0 gest\u00e3o de pessoas na Am\u00e9rica Latina e figura como um dos maiores do mundo no setor. Em um momento simb\u00f3lico, o Conarh 2025 tamb\u00e9m marca os 60 anos da associa\u00e7\u00e3o, o que traz ainda mais relev\u00e2ncia e expectativa pela programa\u00e7\u00e3o que est\u00e1 por vir.<\/p>\n\n\n\n<p>Pensando em ampliar sua relev\u00e2ncia e sua capacidade de gerar intera\u00e7\u00f5es significativas, o evento deste ano ser\u00e1 ainda mais ambicioso. A estrutura contar\u00e1 com cinco pavilh\u00f5es no S\u00e3o Paulo Expo, totalizando mais de 43 mil m\u00b2 dedicados \u00e0 experi\u00eancia do visitante, entre exposi\u00e7\u00f5es, \u00e1reas de debate, networking e ambientes de viv\u00eancia imersiva. A edi\u00e7\u00e3o anterior j\u00e1 havia reunido mais de 50 mil pessoas ao longo dos tr\u00eas dias, um p\u00fablico robusto que reflete a import\u00e2ncia do Conarh para o setor.<\/p>\n\n\n\n<p>A infraestrutura de apoio ao p\u00fablico tamb\u00e9m foi refor\u00e7ada, com mais espa\u00e7os de alimenta\u00e7\u00e3o, \u00e1reas VIP, sanit\u00e1rios adaptados, acessibilidade ampliada, incluindo rampas, circula\u00e7\u00e3o para cadeiras de rodas e espa\u00e7os exclusivos, al\u00e9m de dois pontos diferenciados para credenciamento, um para congressistas e outro para visitantes, e transporte gratuito conectando o metr\u00f4 \u00e0 entrada do pavilh\u00e3o. Para melhorar ainda mais a experi\u00eancia, os participantes contar\u00e3o com um aplicativo exclusivo que permite montar agendas personalizadas usando palavras-chave, interagir por chat, acessar perfis de patrocinadores e enviar perguntas em tempo real durante palestras e arenas de debate.<\/p>\n\n\n\n<p>O tema escolhido para esta edi\u00e7\u00e3o, \u201cPotencializando Conex\u00f5es\u201d, reflete a proposta de destacar a relev\u00e2ncia das rela\u00e7\u00f5es humanas como motor de transforma\u00e7\u00e3o dentro das organiza\u00e7\u00f5es e do RH contempor\u00e2neo.<\/p>\n\n\n\n<p>Ao longo dos tr\u00eas dias, os participantes podem esperar uma programa\u00e7\u00e3o rica, com congressos, feiras, estandes tem\u00e1ticos, workshops e mesas de debate sobre temas atuais na \u00e1rea, como tecnologia, inova\u00e7\u00e3o, intelig\u00eancia artificial aplicada \u00e0 gest\u00e3o de pessoas, diversidade, inclus\u00e3o, sa\u00fade mental, People Analytics e os novos desafios do futuro do trabalho.<\/p>\n\n\n\n<p>Institui\u00e7\u00f5es renomadas tamb\u00e9m estar\u00e3o presentes com suas pr\u00f3prias trilhas de conte\u00fado e estandes, como a FGV Educa\u00e7\u00e3o Executiva, que trar\u00e1 ao evento uma s\u00e9rie de talks voltados a temas como engajamento multigeracional, sa\u00fade mental, ESG, lideran\u00e7a do futuro e diversidade, entre outros, retratando o car\u00e1ter formativo e pr\u00e1tico que permeia o Conarh.<\/p>\n\n\n\n<p>Imerso em um contexto de transforma\u00e7\u00e3o cont\u00ednua do ambiente corporativo e das rela\u00e7\u00f5es de trabalho, o Conarh 2025 surge como um convite \u00e0 reflex\u00e3o profunda sobre o papel estrat\u00e9gico do RH. O encontro busca criar um ambiente onde os participantes possam compartilhar experi\u00eancias, aprender com perspectivas inovadoras e fortalecer suas redes, ao mesmo tempo em que celebram um marco hist\u00f3rico da ABRH.<\/p>\n\n\n\n<p>Junte-se a n\u00f3s nos dias 19 a 21 de agosto, dia 19 das 13h \u00e0s 20h, dia 20 das 9h \u00e0s 20h e dia 21 at\u00e9 \u00e0s 17h30<\/p>\n\n\n\n<p>Endere\u00e7o: Rod. dos Imigrantes 5, S\/N, km. 1, S\u00e3o Paulo, SP, 04329-900<br><\/p>\n","protected":false},"excerpt":{"rendered":"<p>A edi\u00e7\u00e3o de 2025 do Conarh \u2014 Congresso Nacional de Gest\u00e3o de Pessoas, mais conhecida como Conarh \u2014 se prepara para sua 51\u00aa edi\u00e7\u00e3o entre os dias 19 e 21 de agosto, no S\u00e3o Paulo Expo. Organizado pela ABRH Brasil, este \u00e9 o maior evento dedicado \u00e0 gest\u00e3o de pessoas na Am\u00e9rica Latina e figura [&hellip;]<\/p>\n","protected":false},"author":4,"featured_media":4827,"comment_status":"open","ping_status":"open","sticky":false,"template":"","format":"standard","meta":{"footnotes":""},"categories":[25],"tags":[],"class_list":{"0":"post-4826","1":"post","2":"type-post","3":"status-publish","4":"format-standard","5":"has-post-thumbnail","7":"category-calendariodeeventos"},"_links":{"self":[{"href":"https:\/\/tveventos.tv.br\/index.php?rest_route=\/wp\/v2\/posts\/4826","targetHints":{"allow":["GET"]}}],"collection":[{"href":"https:\/\/tveventos.tv.br\/index.php?rest_route=\/wp\/v2\/posts"}],"about":[{"href":"https:\/\/tveventos.tv.br\/index.php?rest_route=\/wp\/v2\/types\/post"}],"author":[{"embeddable":true,"href":"https:\/\/tveventos.tv.br\/index.php?rest_route=\/wp\/v2\/users\/4"}],"replies":[{"embeddable":true,"href":"https:\/\/tveventos.tv.br\/index.php?rest_route=%2Fwp%2Fv2%2Fcomments&post=4826"}],"version-history":[{"count":1,"href":"https:\/\/tveventos.tv.br\/index.php?rest_route=\/wp\/v2\/posts\/4826\/revisions"}],"predecessor-version":[{"id":4828,"href":"https:\/\/tveventos.tv.br\/index.php?rest_route=\/wp\/v2\/posts\/4826\/revisions\/4828"}],"wp:featuredmedia":[{"embeddable":true,"href":"https:\/\/tveventos.tv.br\/index.php?rest_route=\/wp\/v2\/media\/4827"}],"wp:attachment":[{"href":"https:\/\/tveventos.tv.br\/index.php?rest_route=%2Fwp%2Fv2%2Fmedia&parent=4826"}],"wp:term":[{"taxonomy":"category","embeddable":true,"href":"https:\/\/tveventos.tv.br\/index.php?rest_route=%2Fwp%2Fv2%2Fcategories&post=4826"},{"taxonomy":"post_tag","embeddable":true,"href":"https:\/\/tveventos.tv.br\/index.php?rest_route=%2Fwp%2Fv2%2Ftags&post=4826"}],"curies":[{"name":"wp","href":"https:\/\/api.w.org\/{rel}","templated":true}]}}