{"id":4829,"date":"2025-08-15T16:18:42","date_gmt":"2025-08-15T19:18:42","guid":{"rendered":"https:\/\/tveventos.tv.br\/?p=4829"},"modified":"2025-08-15T16:18:43","modified_gmt":"2025-08-15T19:18:43","slug":"concrete-show-2","status":"publish","type":"post","link":"https:\/\/tveventos.tv.br\/?p=4829","title":{"rendered":"CONCRETE SHOW"},"content":{"rendered":"\n<p>A 16\u00aa edi\u00e7\u00e3o do Concrete Show South America, programada para os dias 19 a 21 de agosto de 2025 no S\u00e3o Paulo Expo, se apresenta como o principal ponto de encontro da cadeia de constru\u00e7\u00e3o em concreto na Am\u00e9rica Latina, integrando o influente circuito global World of Concrete.<\/p>\n\n\n\n<p>Durante esses tr\u00eas dias intensos, o evento reunir\u00e1 mais de 450 marcas nacionais e internacionais, sendo aproximadamente 50 estreantes, distribu\u00eddas em cerca de 32 mil metros quadrados nos pavilh\u00f5es 1, 2 e 3. Essa estrutura robusta permitir\u00e1 exposi\u00e7\u00f5es de tecnologias inovadoras e tend\u00eancias que j\u00e1 est\u00e3o transformando os canteiros de obras no Brasil.<\/p>\n\n\n\n<p>Al\u00e9m da \u00e1rea expositiva, o evento oferece uma agenda rica e diversificada, com mais de 90 horas de conte\u00fado exclusivo. Os participantes ter\u00e3o acesso \u00e0 Arena 120 Ideias, palco para palestras gratuitas abordando temas atuais do setor, realizadas simultaneamente em dois espa\u00e7os. Complementando essa programa\u00e7\u00e3o, o Congresso Construindo Conhecimento traz debates e apresenta\u00e7\u00f5es voltadas para os profissionais da cadeia construtiva.<\/p>\n\n\n\n<p>Uma das grandes novidades desta edi\u00e7\u00e3o \u00e9 a Casa Pr\u00e9-Moldada em Concreto, um espa\u00e7o inovador com 468 m\u00b2 que demonstra a tecnologia de constru\u00e7\u00e3o com concreto pr\u00e9-moldado e autoadens\u00e1vel. Tal sistema permite a cria\u00e7\u00e3o de paredes monol\u00edticas com instala\u00e7\u00f5es el\u00e9tricas e hidr\u00e1ulicas integradas, oferecendo benef\u00edcios como maior resist\u00eancia estrutural, efici\u00eancia e organiza\u00e7\u00e3o no canteiro de obras.<\/p>\n\n\n\n<p>A iniciativa tamb\u00e9m se destaca por seu comprometimento social, apoiando causas como a constru\u00e7\u00e3o da futura Casa Ronald McDonald em Goi\u00e2nia, parte da campanha Concrete Casa Ronald 2025, e promovendo a\u00e7\u00f5es em prol da inclus\u00e3o de mulheres perif\u00e9ricas na constru\u00e7\u00e3o civil, por meio do Instituto Mulher em Constru\u00e7\u00e3o. Al\u00e9m disso, abra\u00e7a a campanha Agosto Laranja, voltada \u00e0 conscientiza\u00e7\u00e3o sobre a esclerose m\u00faltipla.<\/p>\n\n\n\n<p>Organizado pela Informa Markets, l\u00edder global em feiras e confer\u00eancias de neg\u00f3cios, o Concrete Show funciona como ponto estrat\u00e9gico de networking, aprendizado e expans\u00e3o tecnol\u00f3gica. Re\u00fane profissionais de mais de 30 pa\u00edses, criando um ambiente ideal para estabelecer parcerias, acessar conte\u00fado t\u00e9cnico e ficar \u00e0 frente das inova\u00e7\u00f5es no setor de concreto e minera\u00e7\u00e3o.<\/p>\n\n\n\n<p>Participar do Concrete Show 2025 significa estar no centro das transforma\u00e7\u00f5es da constru\u00e7\u00e3o civil, conectando-se a solu\u00e7\u00f5es inteligentes, estrat\u00e9gias sustent\u00e1veis e a uma rede profissional global din\u00e2mica e em evolu\u00e7\u00e3o.<\/p>\n\n\n\n<p>Junte-se a n\u00f3s nos dias 19 a 21 de agosto de 2025 no S\u00e3o Paulo Expo<\/p>\n\n\n\n<p>Endere\u00e7o: \u00a0Rod. dos Imigrantes 5, S\/N, km. 1, S\u00e3o Paulo, SP, 04329-900<br><\/p>\n","protected":false},"excerpt":{"rendered":"<p>A 16\u00aa edi\u00e7\u00e3o do Concrete Show South America, programada para os dias 19 a 21 de agosto de 2025 no S\u00e3o Paulo Expo, se apresenta como o principal ponto de encontro da cadeia de constru\u00e7\u00e3o em concreto na Am\u00e9rica Latina, integrando o influente circuito global World of Concrete. Durante esses tr\u00eas dias intensos, o evento [&hellip;]<\/p>\n","protected":false},"author":4,"featured_media":4830,"comment_status":"open","ping_status":"open","sticky":false,"template":"","format":"standard","meta":{"footnotes":""},"categories":[25],"tags":[],"class_list":{"0":"post-4829","1":"post","2":"type-post","3":"status-publish","4":"format-standard","5":"has-post-thumbnail","7":"category-calendariodeeventos"},"_links":{"self":[{"href":"https:\/\/tveventos.tv.br\/index.php?rest_route=\/wp\/v2\/posts\/4829","targetHints":{"allow":["GET"]}}],"collection":[{"href":"https:\/\/tveventos.tv.br\/index.php?rest_route=\/wp\/v2\/posts"}],"about":[{"href":"https:\/\/tveventos.tv.br\/index.php?rest_route=\/wp\/v2\/types\/post"}],"author":[{"embeddable":true,"href":"https:\/\/tveventos.tv.br\/index.php?rest_route=\/wp\/v2\/users\/4"}],"replies":[{"embeddable":true,"href":"https:\/\/tveventos.tv.br\/index.php?rest_route=%2Fwp%2Fv2%2Fcomments&post=4829"}],"version-history":[{"count":1,"href":"https:\/\/tveventos.tv.br\/index.php?rest_route=\/wp\/v2\/posts\/4829\/revisions"}],"predecessor-version":[{"id":4831,"href":"https:\/\/tveventos.tv.br\/index.php?rest_route=\/wp\/v2\/posts\/4829\/revisions\/4831"}],"wp:featuredmedia":[{"embeddable":true,"href":"https:\/\/tveventos.tv.br\/index.php?rest_route=\/wp\/v2\/media\/4830"}],"wp:attachment":[{"href":"https:\/\/tveventos.tv.br\/index.php?rest_route=%2Fwp%2Fv2%2Fmedia&parent=4829"}],"wp:term":[{"taxonomy":"category","embeddable":true,"href":"https:\/\/tveventos.tv.br\/index.php?rest_route=%2Fwp%2Fv2%2Fcategories&post=4829"},{"taxonomy":"post_tag","embeddable":true,"href":"https:\/\/tveventos.tv.br\/index.php?rest_route=%2Fwp%2Fv2%2Ftags&post=4829"}],"curies":[{"name":"wp","href":"https:\/\/api.w.org\/{rel}","templated":true}]}}