{"id":4836,"date":"2025-08-25T18:02:42","date_gmt":"2025-08-25T21:02:42","guid":{"rendered":"https:\/\/tveventos.tv.br\/?p=4836"},"modified":"2025-08-25T18:02:43","modified_gmt":"2025-08-25T21:02:43","slug":"the-smarter","status":"publish","type":"post","link":"https:\/\/tveventos.tv.br\/?p=4836","title":{"rendered":"THE SMARTER"},"content":{"rendered":"\n<p>O The smarter E South America se consolidou como o maior encontro do setor de energia da Am\u00e9rica Latina e em 2025 ser\u00e1 realizado de 26 a 28 de agosto no Expo Center Norte, em S\u00e3o Paulo. O evento re\u00fane em um \u00fanico local quatro feiras simult\u00e2neas \u2014 Intersolar South America, ees South America, Power2Drive South America e Eletrotec + EM-Power South America \u2014 que juntas oferecem uma vis\u00e3o abrangente de toda a cadeia de valor da energia. A proposta \u00e9 integrar solu\u00e7\u00f5es de gera\u00e7\u00e3o renov\u00e1vel, armazenamento de energia, infraestrutura el\u00e9trica e mobilidade el\u00e9trica, apresentando tend\u00eancias que refletem os rumos do setor em escala global.<\/p>\n\n\n\n<p>A Intersolar South America \u00e9 a maior feira da regi\u00e3o dedicada \u00e0 energia solar e traz as principais novidades em tecnologia fotovoltaica, desde pain\u00e9is e inversores at\u00e9 sistemas de grande porte para usinas. A ees South America coloca em destaque o mercado de armazenamento de energia, cada vez mais estrat\u00e9gico diante da necessidade de garantir seguran\u00e7a energ\u00e9tica e efici\u00eancia em redes modernas. J\u00e1 a Power2Drive South America \u00e9 voltada \u00e0 eletromobilidade e apresenta desde solu\u00e7\u00f5es de carregamento inteligente para ve\u00edculos el\u00e9tricos at\u00e9 debates sobre a transi\u00e7\u00e3o no setor automotivo. A Eletrotec + EM-Power South America, por sua vez, foca em infraestrutura el\u00e9trica, automa\u00e7\u00e3o, gest\u00e3o de energia e solu\u00e7\u00f5es para edif\u00edcios inteligentes, completando o ecossistema que o The smarter E oferece.<\/p>\n\n\n\n<p>A edi\u00e7\u00e3o de 2025 promete ser a maior da hist\u00f3ria do evento, com cerca de 700 expositores nacionais e internacionais e expectativa de receber mais de 58 mil visitantes. A presen\u00e7a de fabricantes, distribuidores, startups, investidores e representantes governamentais refor\u00e7a a relev\u00e2ncia do encontro para gerar neg\u00f3cios e estimular parcerias estrat\u00e9gicas. A cada ano, o evento se consolida como o ponto de encontro essencial para empresas que buscam posicionamento em um setor em franca expans\u00e3o e alinhado \u00e0s metas de sustentabilidade.<\/p>\n\n\n\n<p>Al\u00e9m da \u00e1rea de exposi\u00e7\u00e3o, a programa\u00e7\u00e3o traz congressos t\u00e9cnicos e cient\u00edficos, minicursos, palcos de debates e apresenta\u00e7\u00f5es voltadas a temas pr\u00e1ticos e inovadores. O espa\u00e7o \u00e9 tamb\u00e9m uma vitrine para startups que apresentam solu\u00e7\u00f5es disruptivas e t\u00eam contato direto com investidores e grandes players do mercado. Palestrantes renomados de diferentes pa\u00edses discutem assuntos como o avan\u00e7o da energia solar no Brasil, as novas oportunidades de armazenamento em baterias de l\u00edtio e outras tecnologias, os desafios da mobilidade el\u00e9trica e o futuro da matriz energ\u00e9tica nacional e latino-americana.<\/p>\n\n\n\n<p>O The smarter E South America se diferencia n\u00e3o apenas pela dimens\u00e3o, mas pela sinergia criada entre as quatro feiras simult\u00e2neas. Esse formato possibilita que os visitantes tenham acesso a uma experi\u00eancia completa, explorando desde os avan\u00e7os tecnol\u00f3gicos at\u00e9 as quest\u00f5es regulat\u00f3rias, financeiras e de mercado. Dessa forma, o evento contribui para acelerar a transi\u00e7\u00e3o energ\u00e9tica, promovendo um ambiente favor\u00e1vel ao desenvolvimento sustent\u00e1vel e \u00e0 integra\u00e7\u00e3o de solu\u00e7\u00f5es que devem marcar o futuro da gera\u00e7\u00e3o e do consumo de energia no continente.<\/p>\n\n\n\n<p>Junte-se a n\u00f3s nos dias dia 26 a 28 de agosto das 12h \u00e0s 20h no Expo Center Norte<\/p>\n\n\n\n<p>Endere\u00e7o: Rua Jos\u00e9 Bernardo Pinto 333, S\u00e3o Paulo, SP, 02055-000\u00a0<\/p>\n\n\n\n<p><\/p>\n","protected":false},"excerpt":{"rendered":"<p>O The smarter E South America se consolidou como o maior encontro do setor de energia da Am\u00e9rica Latina e em 2025 ser\u00e1 realizado de 26 a 28 de agosto no Expo Center Norte, em S\u00e3o Paulo. O evento re\u00fane em um \u00fanico local quatro feiras simult\u00e2neas \u2014 Intersolar South America, ees South America, Power2Drive [&hellip;]<\/p>\n","protected":false},"author":4,"featured_media":4837,"comment_status":"open","ping_status":"open","sticky":false,"template":"","format":"standard","meta":{"footnotes":""},"categories":[25],"tags":[],"class_list":{"0":"post-4836","1":"post","2":"type-post","3":"status-publish","4":"format-standard","5":"has-post-thumbnail","7":"category-calendariodeeventos"},"_links":{"self":[{"href":"https:\/\/tveventos.tv.br\/index.php?rest_route=\/wp\/v2\/posts\/4836","targetHints":{"allow":["GET"]}}],"collection":[{"href":"https:\/\/tveventos.tv.br\/index.php?rest_route=\/wp\/v2\/posts"}],"about":[{"href":"https:\/\/tveventos.tv.br\/index.php?rest_route=\/wp\/v2\/types\/post"}],"author":[{"embeddable":true,"href":"https:\/\/tveventos.tv.br\/index.php?rest_route=\/wp\/v2\/users\/4"}],"replies":[{"embeddable":true,"href":"https:\/\/tveventos.tv.br\/index.php?rest_route=%2Fwp%2Fv2%2Fcomments&post=4836"}],"version-history":[{"count":1,"href":"https:\/\/tveventos.tv.br\/index.php?rest_route=\/wp\/v2\/posts\/4836\/revisions"}],"predecessor-version":[{"id":4838,"href":"https:\/\/tveventos.tv.br\/index.php?rest_route=\/wp\/v2\/posts\/4836\/revisions\/4838"}],"wp:featuredmedia":[{"embeddable":true,"href":"https:\/\/tveventos.tv.br\/index.php?rest_route=\/wp\/v2\/media\/4837"}],"wp:attachment":[{"href":"https:\/\/tveventos.tv.br\/index.php?rest_route=%2Fwp%2Fv2%2Fmedia&parent=4836"}],"wp:term":[{"taxonomy":"category","embeddable":true,"href":"https:\/\/tveventos.tv.br\/index.php?rest_route=%2Fwp%2Fv2%2Fcategories&post=4836"},{"taxonomy":"post_tag","embeddable":true,"href":"https:\/\/tveventos.tv.br\/index.php?rest_route=%2Fwp%2Fv2%2Ftags&post=4836"}],"curies":[{"name":"wp","href":"https:\/\/api.w.org\/{rel}","templated":true}]}}