{"id":4839,"date":"2025-09-05T17:11:55","date_gmt":"2025-09-05T20:11:55","guid":{"rendered":"https:\/\/tveventos.tv.br\/?p=4839"},"modified":"2025-09-05T17:13:45","modified_gmt":"2025-09-05T20:13:45","slug":"beauty-fair-2025","status":"publish","type":"post","link":"https:\/\/tveventos.tv.br\/?p=4839","title":{"rendered":"BEAUTY FAIR 2025"},"content":{"rendered":"\n<p>A Beauty Fair 2025 chega para celebrar sua vig\u00e9sima edi\u00e7\u00e3o consolidada como a maior feira de beleza da Am\u00e9rica Latina e um dos encontros mais aguardados do setor no calend\u00e1rio internacional. O evento acontece entre os dias 6 e 9 de setembro, no Expo Center Norte, em S\u00e3o Paulo, reunindo aproximadamente 200 mil visitantes e cerca de 500 expositores de diferentes segmentos que abrangem cosm\u00e9ticos, perfumaria, est\u00e9tica, cabelos, unhas e SPA. Durante quatro dias intensos, profissionais, empres\u00e1rios, distribuidores e influenciadores t\u00eam a oportunidade de acompanhar lan\u00e7amentos de marcas nacionais e internacionais, assistir a demonstra\u00e7\u00f5es ao vivo e participar de workshops e congressos que trazem as principais tend\u00eancias do universo da beleza.<\/p>\n\n\n\n<p>A feira \u00e9 estruturada em pavilh\u00f5es tem\u00e1ticos que facilitam a circula\u00e7\u00e3o do p\u00fablico e a identifica\u00e7\u00e3o de \u00e1reas de interesse. Entre os setores em destaque est\u00e3o Profissional, Est\u00e9tica, Neg\u00f3cios, Perfumaria, Varejo e Internacional, cada um com uma proposta de oferecer uma experi\u00eancia diferenciada e direcionada, garantindo que os visitantes encontrem novidades espec\u00edficas para seu perfil e suas necessidades. Essa organiza\u00e7\u00e3o contribui para que o evento seja reconhecido n\u00e3o apenas como um espa\u00e7o de exposi\u00e7\u00e3o, mas tamb\u00e9m como um verdadeiro centro de neg\u00f3cios e de conex\u00f5es estrat\u00e9gicas.<\/p>\n\n\n\n<p>Al\u00e9m do ambiente comercial, a Beauty Fair tem forte impacto econ\u00f4mico, movimentando cifras que ultrapassam os 600 milh\u00f5es de d\u00f3lares em contratos e vendas durante o per\u00edodo da feira. Esse resultado refor\u00e7a o papel do evento como ponto de encontro fundamental para marcas que buscam ampliar sua presen\u00e7a no mercado brasileiro e tamb\u00e9m conquistar espa\u00e7o na Am\u00e9rica Latina. \u00c9 nesse cen\u00e1rio que muitas empresas escolhem lan\u00e7ar seus produtos, apostando na visibilidade e no alcance proporcionados pela feira.<\/p>\n\n\n\n<p>Os congressos especializados que acontecem paralelamente \u00e0 exposi\u00e7\u00e3o s\u00e3o outro grande atrativo, reunindo especialistas renomados que compartilham conhecimento e t\u00e9cnicas atualizadas. Encontros como o Hair Summit e o Congresso de Est\u00e9tica Avan\u00e7ada atraem milhares de profissionais interessados em aprimorar sua atua\u00e7\u00e3o e conhecer inova\u00e7\u00f5es que ditam o futuro do setor. Esses espa\u00e7os de aprendizado refor\u00e7am o car\u00e1ter educacional da Beauty Fair, que vai al\u00e9m dos neg\u00f3cios e se consolida como um polo de desenvolvimento e atualiza\u00e7\u00e3o profissional.<\/p>\n\n\n\n<p>Localizada em uma regi\u00e3o estrat\u00e9gica da capital paulista, a feira conta com a estrutura do Expo Center Norte, no bairro da Vila Guilherme. O espa\u00e7o oferece f\u00e1cil acesso por metr\u00f4, com proximidade das esta\u00e7\u00f5es Portuguesa-Tiet\u00ea e Carandiru, al\u00e9m de ampla disponibilidade de transporte rodovi\u00e1rio e estacionamento, o que garante praticidade tanto para quem vem da cidade quanto para visitantes de outros estados e pa\u00edses. Essa acessibilidade contribui para que a Beauty Fair mantenha sua tradi\u00e7\u00e3o de reunir um p\u00fablico expressivo e diversificado.<\/p>\n\n\n\n<p>Ao completar duas d\u00e9cadas de hist\u00f3ria, a Beauty Fair 2025 se reafirma como um evento essencial para todos que atuam no mercado da beleza. Mais do que uma feira, \u00e9 um encontro que conecta tend\u00eancias, promove inova\u00e7\u00e3o, fortalece neg\u00f3cios e valoriza o conhecimento, celebrando a for\u00e7a e a criatividade desse setor que segue em constante evolu\u00e7\u00e3o.<\/p>\n\n\n\n<p>Junte-se a n\u00f3s nos dias 06 das 12h \u00e0s 20h e dia 07, 08 e 09 de setembro das 10h \u00e0s 20h no Expo Center Norte.<\/p>\n\n\n\n<p>Endere\u00e7o: Rua Jos\u00e9 Bernardo Pinto 333, S\u00e3o Paulo, SP, 02055-000<br><\/p>\n","protected":false},"excerpt":{"rendered":"<p>A Beauty Fair 2025 chega para celebrar sua vig\u00e9sima edi\u00e7\u00e3o consolidada como a maior feira de beleza da Am\u00e9rica Latina e um dos encontros mais aguardados do setor no calend\u00e1rio internacional. O evento acontece entre os dias 6 e 9 de setembro, no Expo Center Norte, em S\u00e3o Paulo, reunindo aproximadamente 200 mil visitantes e [&hellip;]<\/p>\n","protected":false},"author":4,"featured_media":4840,"comment_status":"open","ping_status":"open","sticky":false,"template":"","format":"standard","meta":{"footnotes":""},"categories":[25],"tags":[],"class_list":{"0":"post-4839","1":"post","2":"type-post","3":"status-publish","4":"format-standard","5":"has-post-thumbnail","7":"category-calendariodeeventos"},"_links":{"self":[{"href":"https:\/\/tveventos.tv.br\/index.php?rest_route=\/wp\/v2\/posts\/4839","targetHints":{"allow":["GET"]}}],"collection":[{"href":"https:\/\/tveventos.tv.br\/index.php?rest_route=\/wp\/v2\/posts"}],"about":[{"href":"https:\/\/tveventos.tv.br\/index.php?rest_route=\/wp\/v2\/types\/post"}],"author":[{"embeddable":true,"href":"https:\/\/tveventos.tv.br\/index.php?rest_route=\/wp\/v2\/users\/4"}],"replies":[{"embeddable":true,"href":"https:\/\/tveventos.tv.br\/index.php?rest_route=%2Fwp%2Fv2%2Fcomments&post=4839"}],"version-history":[{"count":2,"href":"https:\/\/tveventos.tv.br\/index.php?rest_route=\/wp\/v2\/posts\/4839\/revisions"}],"predecessor-version":[{"id":4842,"href":"https:\/\/tveventos.tv.br\/index.php?rest_route=\/wp\/v2\/posts\/4839\/revisions\/4842"}],"wp:featuredmedia":[{"embeddable":true,"href":"https:\/\/tveventos.tv.br\/index.php?rest_route=\/wp\/v2\/media\/4840"}],"wp:attachment":[{"href":"https:\/\/tveventos.tv.br\/index.php?rest_route=%2Fwp%2Fv2%2Fmedia&parent=4839"}],"wp:term":[{"taxonomy":"category","embeddable":true,"href":"https:\/\/tveventos.tv.br\/index.php?rest_route=%2Fwp%2Fv2%2Fcategories&post=4839"},{"taxonomy":"post_tag","embeddable":true,"href":"https:\/\/tveventos.tv.br\/index.php?rest_route=%2Fwp%2Fv2%2Ftags&post=4839"}],"curies":[{"name":"wp","href":"https:\/\/api.w.org\/{rel}","templated":true}]}}