{"id":4843,"date":"2025-09-15T15:04:00","date_gmt":"2025-09-15T18:04:00","guid":{"rendered":"https:\/\/tveventos.tv.br\/?p=4843"},"modified":"2025-09-15T15:04:23","modified_gmt":"2025-09-15T18:04:23","slug":"victam-latam","status":"publish","type":"post","link":"https:\/\/tveventos.tv.br\/?p=4843","title":{"rendered":"VICTAM LATAM"},"content":{"rendered":"\n<p>A VICTAM LatAm \u00e9 um dos principais eventos internacionais dedicados \u00e0s ind\u00fastrias de nutri\u00e7\u00e3o animal, ra\u00e7\u00f5es, processamento de gr\u00e3os e tecnologia para o setor agroindustrial, que acontecer\u00e1 entre os dias 16 e 18 de setembro de 2025, no Expo Center Norte, em S\u00e3o Paulo.<\/p>\n\n\n\n<p>&nbsp;A feira re\u00fane expositores nacionais e internacionais, oferecendo uma ampla gama de solu\u00e7\u00f5es, incluindo m\u00e1quinas, equipamentos, sistemas de automa\u00e7\u00e3o, ingredientes, aditivos e solu\u00e7\u00f5es nutricionais que atendem a toda a cadeia produtiva de alimentos para animais. Al\u00e9m da exposi\u00e7\u00e3o, o evento proporciona um rico programa de confer\u00eancias e workshops, nos quais especialistas compartilham conhecimento t\u00e9cnico e cient\u00edfico, debatem tend\u00eancias de mercado e discutem inova\u00e7\u00f5es que podem transformar o setor.&nbsp;<\/p>\n\n\n\n<p>A VICTAM LatAm tamb\u00e9m oferece oportunidades valiosas de networking, permitindo que fabricantes, distribuidores, pesquisadores, fornecedores e profissionais de diversos segmentos do setor agroindustrial se conectem, troquem experi\u00eancias e estabele\u00e7am parcerias estrat\u00e9gicas. A presen\u00e7a de institui\u00e7\u00f5es de pesquisa renomadas, como a Embrapa, agrega ainda mais credibilidade e conte\u00fado t\u00e9cnico ao evento, tornando-o uma refer\u00eancia para atualiza\u00e7\u00e3o profissional e acesso \u00e0s \u00faltimas tecnologias e pr\u00e1ticas do mercado.<\/p>\n\n\n\n<p>&nbsp;Com sua import\u00e2ncia estrat\u00e9gica, a feira refor\u00e7a o papel do Brasil como um dos maiores produtores de prote\u00edna animal e de ra\u00e7\u00f5es do mundo, atraindo aten\u00e7\u00e3o de empresas e profissionais de toda a Am\u00e9rica Latina e de outros pa\u00edses, interessados em conhecer tend\u00eancias, explorar novas oportunidades de neg\u00f3cios e se manterem na vanguarda do setor.<\/p>\n\n\n\n<p>Junte-se a n\u00f3s nos dias 16 a 18 de setembro, das 12h \u00e0s 19h no Expo Center Norte.<\/p>\n\n\n\n<p>Endere\u00e7o: Rua Jos\u00e9 Bernardo Pinto 333, S\u00e3o Paulo, SP, 02055-000<\/p>\n","protected":false},"excerpt":{"rendered":"<p>A VICTAM LatAm \u00e9 um dos principais eventos internacionais dedicados \u00e0s ind\u00fastrias de nutri\u00e7\u00e3o animal, ra\u00e7\u00f5es, processamento de gr\u00e3os e tecnologia para o setor agroindustrial, que acontecer\u00e1 entre os dias 16 e 18 de setembro de 2025, no Expo Center Norte, em S\u00e3o Paulo. &nbsp;A feira re\u00fane expositores nacionais e internacionais, oferecendo uma ampla gama [&hellip;]<\/p>\n","protected":false},"author":4,"featured_media":4844,"comment_status":"open","ping_status":"open","sticky":false,"template":"","format":"standard","meta":{"footnotes":""},"categories":[25],"tags":[],"class_list":{"0":"post-4843","1":"post","2":"type-post","3":"status-publish","4":"format-standard","5":"has-post-thumbnail","7":"category-calendariodeeventos"},"_links":{"self":[{"href":"https:\/\/tveventos.tv.br\/index.php?rest_route=\/wp\/v2\/posts\/4843","targetHints":{"allow":["GET"]}}],"collection":[{"href":"https:\/\/tveventos.tv.br\/index.php?rest_route=\/wp\/v2\/posts"}],"about":[{"href":"https:\/\/tveventos.tv.br\/index.php?rest_route=\/wp\/v2\/types\/post"}],"author":[{"embeddable":true,"href":"https:\/\/tveventos.tv.br\/index.php?rest_route=\/wp\/v2\/users\/4"}],"replies":[{"embeddable":true,"href":"https:\/\/tveventos.tv.br\/index.php?rest_route=%2Fwp%2Fv2%2Fcomments&post=4843"}],"version-history":[{"count":1,"href":"https:\/\/tveventos.tv.br\/index.php?rest_route=\/wp\/v2\/posts\/4843\/revisions"}],"predecessor-version":[{"id":4845,"href":"https:\/\/tveventos.tv.br\/index.php?rest_route=\/wp\/v2\/posts\/4843\/revisions\/4845"}],"wp:featuredmedia":[{"embeddable":true,"href":"https:\/\/tveventos.tv.br\/index.php?rest_route=\/wp\/v2\/media\/4844"}],"wp:attachment":[{"href":"https:\/\/tveventos.tv.br\/index.php?rest_route=%2Fwp%2Fv2%2Fmedia&parent=4843"}],"wp:term":[{"taxonomy":"category","embeddable":true,"href":"https:\/\/tveventos.tv.br\/index.php?rest_route=%2Fwp%2Fv2%2Fcategories&post=4843"},{"taxonomy":"post_tag","embeddable":true,"href":"https:\/\/tveventos.tv.br\/index.php?rest_route=%2Fwp%2Fv2%2Ftags&post=4843"}],"curies":[{"name":"wp","href":"https:\/\/api.w.org\/{rel}","templated":true}]}}