{"id":4849,"date":"2025-09-15T16:12:42","date_gmt":"2025-09-15T19:12:42","guid":{"rendered":"https:\/\/tveventos.tv.br\/?p=4849"},"modified":"2025-09-15T16:13:18","modified_gmt":"2025-09-15T19:13:18","slug":"equipotel-2","status":"publish","type":"post","link":"https:\/\/tveventos.tv.br\/?p=4849","title":{"rendered":"EQUIPOTEL"},"content":{"rendered":"\n<p>A Equipotel 2025, considerada a principal feira de hospitalidade da Am\u00e9rica Latina, ser\u00e1 realizada de 16 a 19 de setembro de 2025, no Expo Center Norte, em S\u00e3o Paulo. O evento re\u00fane profissionais de hot\u00e9is, bares, restaurantes, spas e outros segmentos do setor, oferecendo uma plataforma completa para inova\u00e7\u00e3o, neg\u00f3cios e networking. Com sua abrang\u00eancia e relev\u00e2ncia, a feira se tornou uma refer\u00eancia indispens\u00e1vel para quem atua na \u00e1rea de hospitalidade, atraindo expositores e visitantes de todo o Brasil e de diversos pa\u00edses.<\/p>\n\n\n\n<p>Durante os quatro dias de evento, os participantes ter\u00e3o acesso a uma vasta gama de solu\u00e7\u00f5es e produtos voltados para o mercado de hospitalidade, incluindo tecnologias de ponta, equipamentos, m\u00f3veis, utens\u00edlios, servi\u00e7os e solu\u00e7\u00f5es digitais que tornam a opera\u00e7\u00e3o de hot\u00e9is, restaurantes e estabelecimentos similares mais eficiente e inovadora. A presen\u00e7a de expositores nacionais e internacionais garante a diversidade de op\u00e7\u00f5es e o contato direto com fornecedores de alta qualidade, permitindo que os profissionais encontrem solu\u00e7\u00f5es completas para modernizar e diferenciar seus neg\u00f3cios.<\/p>\n\n\n\n<p>Al\u00e9m da exposi\u00e7\u00e3o de produtos e servi\u00e7os, a Equipotel 2025 contar\u00e1 com uma programa\u00e7\u00e3o diversificada de palestras, workshops e experi\u00eancias imersivas, conduzidas por especialistas renomados do setor. Os conte\u00fados abordam temas como inova\u00e7\u00e3o tecnol\u00f3gica, sustentabilidade, gest\u00e3o eficiente, tend\u00eancias de design, estrat\u00e9gias de marketing, experi\u00eancia do cliente e novas formas de atendimento, oferecendo aos participantes uma oportunidade \u00fanica de aprendizado e atualiza\u00e7\u00e3o profissional.<\/p>\n\n\n\n<p>O evento tamb\u00e9m proporciona oportunidades valiosas de networking, permitindo que os visitantes estabele\u00e7am conex\u00f5es estrat\u00e9gicas com fornecedores, parceiros e outros profissionais do setor. Esse ambiente favorece a troca de experi\u00eancias, o fortalecimento de rela\u00e7\u00f5es comerciais e a gera\u00e7\u00e3o de novas parcerias, tornando a feira um ponto de encontro fundamental para todos os que buscam crescimento e inova\u00e7\u00e3o no mercado de hospitalidade.<\/p>\n\n\n\n<p>Com o apoio de mais de 40 associa\u00e7\u00f5es do setor, a Equipotel 2025 refor\u00e7a sua posi\u00e7\u00e3o como um evento de refer\u00eancia, combinando conte\u00fado de qualidade, oportunidades de neg\u00f3cios e solu\u00e7\u00f5es pr\u00e1ticas que contribuem para o desenvolvimento e aprimoramento de hot\u00e9is, restaurantes e demais estabelecimentos. A edi\u00e7\u00e3o de 2025 promete ser um marco, reunindo inova\u00e7\u00e3o, tend\u00eancias e oportunidades em um \u00fanico espa\u00e7o, consolidando ainda mais a import\u00e2ncia da feira para o mercado latino-americano de hospitalidade.<\/p>\n\n\n\n<p>Junte-se a n\u00f3s nos dias 16 a 19 de setembro de 2025, dia 16 a 19 de setembro das 13h \u00e0s 20h e dia 19 das 13h \u00e0s 18h\u00a0no Expo Center Norte<\/p>\n\n\n\n<p>Endere\u00e7o: Rua Jos\u00e9 Bernardo Pinto 333, S\u00e3o Paulo, SP, 02055-000&nbsp;<\/p>\n","protected":false},"excerpt":{"rendered":"<p>A Equipotel 2025, considerada a principal feira de hospitalidade da Am\u00e9rica Latina, ser\u00e1 realizada de 16 a 19 de setembro de 2025, no Expo Center Norte, em S\u00e3o Paulo. O evento re\u00fane profissionais de hot\u00e9is, bares, restaurantes, spas e outros segmentos do setor, oferecendo uma plataforma completa para inova\u00e7\u00e3o, neg\u00f3cios e networking. Com sua abrang\u00eancia [&hellip;]<\/p>\n","protected":false},"author":4,"featured_media":4850,"comment_status":"open","ping_status":"open","sticky":false,"template":"","format":"standard","meta":{"footnotes":""},"categories":[25],"tags":[],"class_list":{"0":"post-4849","1":"post","2":"type-post","3":"status-publish","4":"format-standard","5":"has-post-thumbnail","7":"category-calendariodeeventos"},"_links":{"self":[{"href":"https:\/\/tveventos.tv.br\/index.php?rest_route=\/wp\/v2\/posts\/4849","targetHints":{"allow":["GET"]}}],"collection":[{"href":"https:\/\/tveventos.tv.br\/index.php?rest_route=\/wp\/v2\/posts"}],"about":[{"href":"https:\/\/tveventos.tv.br\/index.php?rest_route=\/wp\/v2\/types\/post"}],"author":[{"embeddable":true,"href":"https:\/\/tveventos.tv.br\/index.php?rest_route=\/wp\/v2\/users\/4"}],"replies":[{"embeddable":true,"href":"https:\/\/tveventos.tv.br\/index.php?rest_route=%2Fwp%2Fv2%2Fcomments&post=4849"}],"version-history":[{"count":2,"href":"https:\/\/tveventos.tv.br\/index.php?rest_route=\/wp\/v2\/posts\/4849\/revisions"}],"predecessor-version":[{"id":4852,"href":"https:\/\/tveventos.tv.br\/index.php?rest_route=\/wp\/v2\/posts\/4849\/revisions\/4852"}],"wp:featuredmedia":[{"embeddable":true,"href":"https:\/\/tveventos.tv.br\/index.php?rest_route=\/wp\/v2\/media\/4850"}],"wp:attachment":[{"href":"https:\/\/tveventos.tv.br\/index.php?rest_route=%2Fwp%2Fv2%2Fmedia&parent=4849"}],"wp:term":[{"taxonomy":"category","embeddable":true,"href":"https:\/\/tveventos.tv.br\/index.php?rest_route=%2Fwp%2Fv2%2Fcategories&post=4849"},{"taxonomy":"post_tag","embeddable":true,"href":"https:\/\/tveventos.tv.br\/index.php?rest_route=%2Fwp%2Fv2%2Ftags&post=4849"}],"curies":[{"name":"wp","href":"https:\/\/api.w.org\/{rel}","templated":true}]}}