{"id":4854,"date":"2025-09-16T12:17:26","date_gmt":"2025-09-16T15:17:26","guid":{"rendered":"https:\/\/tveventos.tv.br\/?p=4854"},"modified":"2025-09-16T12:17:27","modified_gmt":"2025-09-16T15:17:27","slug":"conec-2025-destaca-o-futuro-inteligente-do-corretor-de-seguros-com-foco-em-inovacao-e-tecnologia","status":"publish","type":"post","link":"https:\/\/tveventos.tv.br\/?p=4854","title":{"rendered":"CONEC 2025 destaca o futuro inteligente do corretor de seguros com foco em inova\u00e7\u00e3o e tecnologia"},"content":{"rendered":"\n<p>De 25 a 27 de setembro, S\u00e3o Paulo ser\u00e1 novamente o ponto de encontro de milhares de corretores de seguros e profissionais do mercado, com a realiza\u00e7\u00e3o do CONEC 2025, um dos principais eventos do setor na Am\u00e9rica Latina. Promovido pelo Sincor-SP, o congresso chega \u00e0 sua 20\u00aa edi\u00e7\u00e3o com uma proposta ousada: discutir como a intelig\u00eancia artificial e a transforma\u00e7\u00e3o digital est\u00e3o redesenhando o papel do corretor de seguros no Brasil.<\/p>\n\n\n\n<p>O tema escolhido para este ano, <em>\u201cSinergIA Digital \u2013 O Futuro Inteligente do Corretor de Seguros\u201d<\/em>, reflete bem esse momento de transi\u00e7\u00e3o. Mais do que falar de tecnologia, o evento quer mostrar como as ferramentas digitais podem atuar em sinergia com a experi\u00eancia humana, ampliando possibilidades e abrindo espa\u00e7o para um novo tipo de atua\u00e7\u00e3o no mercado.<\/p>\n\n\n\n<p>A programa\u00e7\u00e3o inclui mais de 20 palestras e trilhas de conte\u00fado t\u00e9cnico e estrat\u00e9gico, abordando desde os impactos da nova Lei 15.040\/2024 at\u00e9 tend\u00eancias como Open Insurance, marketing digital, gest\u00e3o de riscos, inova\u00e7\u00e3o em produtos e, claro, os caminhos para o uso respons\u00e1vel da intelig\u00eancia artificial no setor.<\/p>\n\n\n\n<p>Al\u00e9m do conte\u00fado, o CONEC tamb\u00e9m ser\u00e1 um espa\u00e7o para neg\u00f3cios, networking e experi\u00eancias. A Exposeg, feira paralela ao congresso, vai reunir empresas, seguradoras e startups com solu\u00e7\u00f5es voltadas ao corretor. E como j\u00e1 \u00e9 tradi\u00e7\u00e3o, o evento promete momentos de descontra\u00e7\u00e3o, shows e sorteios, tudo dentro de uma estrutura pensada para oferecer conforto aos participantes, com pacotes que incluem hospedagem, transporte, alimenta\u00e7\u00e3o e outras facilidades.<\/p>\n\n\n\n<p>Mais do que um congresso, o CONEC 2025 \u00e9 um espa\u00e7o para atualiza\u00e7\u00e3o, troca de ideias e fortalecimento da categoria. \u00c9 onde o corretor se conecta com o que vem pela frente e se prepara para continuar sendo essencial em um mercado em constante transforma\u00e7\u00e3o.<\/p>\n\n\n\n<p>As inscri\u00e7\u00f5es j\u00e1 est\u00e3o abertas no site oficial: <a href=\"https:\/\/www.conec.org.br\/\">https:\/\/www.conec.org.br\/<\/a><\/p>\n","protected":false},"excerpt":{"rendered":"<p>De 25 a 27 de setembro, S\u00e3o Paulo ser\u00e1 novamente o ponto de encontro de milhares de corretores de seguros e profissionais do mercado, com a realiza\u00e7\u00e3o do CONEC 2025, um dos principais eventos do setor na Am\u00e9rica Latina. Promovido pelo Sincor-SP, o congresso chega \u00e0 sua 20\u00aa edi\u00e7\u00e3o com uma proposta ousada: discutir como [&hellip;]<\/p>\n","protected":false},"author":3,"featured_media":4855,"comment_status":"open","ping_status":"open","sticky":false,"template":"","format":"standard","meta":{"footnotes":""},"categories":[25,23],"tags":[],"class_list":{"0":"post-4854","1":"post","2":"type-post","3":"status-publish","4":"format-standard","5":"has-post-thumbnail","7":"category-calendariodeeventos","8":"category-feirasdenegocios"},"_links":{"self":[{"href":"https:\/\/tveventos.tv.br\/index.php?rest_route=\/wp\/v2\/posts\/4854","targetHints":{"allow":["GET"]}}],"collection":[{"href":"https:\/\/tveventos.tv.br\/index.php?rest_route=\/wp\/v2\/posts"}],"about":[{"href":"https:\/\/tveventos.tv.br\/index.php?rest_route=\/wp\/v2\/types\/post"}],"author":[{"embeddable":true,"href":"https:\/\/tveventos.tv.br\/index.php?rest_route=\/wp\/v2\/users\/3"}],"replies":[{"embeddable":true,"href":"https:\/\/tveventos.tv.br\/index.php?rest_route=%2Fwp%2Fv2%2Fcomments&post=4854"}],"version-history":[{"count":1,"href":"https:\/\/tveventos.tv.br\/index.php?rest_route=\/wp\/v2\/posts\/4854\/revisions"}],"predecessor-version":[{"id":4856,"href":"https:\/\/tveventos.tv.br\/index.php?rest_route=\/wp\/v2\/posts\/4854\/revisions\/4856"}],"wp:featuredmedia":[{"embeddable":true,"href":"https:\/\/tveventos.tv.br\/index.php?rest_route=\/wp\/v2\/media\/4855"}],"wp:attachment":[{"href":"https:\/\/tveventos.tv.br\/index.php?rest_route=%2Fwp%2Fv2%2Fmedia&parent=4854"}],"wp:term":[{"taxonomy":"category","embeddable":true,"href":"https:\/\/tveventos.tv.br\/index.php?rest_route=%2Fwp%2Fv2%2Fcategories&post=4854"},{"taxonomy":"post_tag","embeddable":true,"href":"https:\/\/tveventos.tv.br\/index.php?rest_route=%2Fwp%2Fv2%2Ftags&post=4854"}],"curies":[{"name":"wp","href":"https:\/\/api.w.org\/{rel}","templated":true}]}}