{"id":4858,"date":"2025-09-30T13:14:07","date_gmt":"2025-09-30T16:14:07","guid":{"rendered":"https:\/\/tveventos.tv.br\/?p=4858"},"modified":"2025-09-30T13:14:09","modified_gmt":"2025-09-30T16:14:09","slug":"futurecom-2","status":"publish","type":"post","link":"https:\/\/tveventos.tv.br\/?p=4858","title":{"rendered":"FUTURECOM"},"content":{"rendered":"\n<p>O Futurecom 2025 promete consolidar seu papel de vitrine m\u00e1xima da inova\u00e7\u00e3o, conectividade e transforma\u00e7\u00e3o digital na Am\u00e9rica Latina ao realizar sua 30\u00aa edi\u00e7\u00e3o entre os dias 30 de setembro e 2 de outubro, no S\u00e3o Paulo Expo, em S\u00e3o Paulo.<a href=\"https:\/\/www.futurecom.com.br\/pt\/home.html?utm_source=chatgpt.com\"> <\/a>Com expectativa de reunir mais de 300 marcas expositoras e cerca de 30 mil profissionais do setor, ocupando mais de 25 mil metros quadrados de \u00e1rea de exposi\u00e7\u00e3o, o evento se destaca como um ponto de encontro estrat\u00e9gico para protagonizar tend\u00eancias, parcerias e debates de alto n\u00edvel.<a href=\"https:\/\/www.futurecom.com.br\/pt\/home.html?utm_source=chatgpt.com\">&nbsp;<\/a><\/p>\n\n\n\n<p>No cerne da programa\u00e7\u00e3o, estar\u00e3o arenas tem\u00e1ticas \u2014 como o Future Congress, Future Cyber e Future Gov \u2014 destinadas a discutir desde conectividade 5G\/6G, intelig\u00eancia artificial, seguran\u00e7a cibern\u00e9tica, infraestrutura digital at\u00e9 os desafios regulat\u00f3rios e os caminhos para levar inova\u00e7\u00e3o aos setores p\u00fablico e privado.<\/p>\n\n\n\n<p>Em di\u00e1logo com essa proposta, um dos destaques desta edi\u00e7\u00e3o ser\u00e1 a integra\u00e7\u00e3o com o Data Center World, com pain\u00e9is dedicados \u00e0 infraestrutura digital e \u00e0 orquestra\u00e7\u00e3o h\u00edbrida entre nuvem, edge e data centers tradicionais. Tamb\u00e9m haver\u00e1 espa\u00e7o para discutir o financiamento da inova\u00e7\u00e3o, alinhando o cen\u00e1rio tecnol\u00f3gico ao ecossistema econ\u00f4mico nacional, com temas como o novo modelo da ind\u00fastria brasileira e os mecanismos de apoio via BNDES, Finep e outros instrumentos de investimento.<\/p>\n\n\n\n<p>Entre os nomes confirmados nas palestras est\u00e3o l\u00edderes influentes da tecnologia e da regula\u00e7\u00e3o, como Ronaldo Lemos, Paulo Rufino Henrique, Conrad Riedesel (Chairman da Deutsche Telekom) e Manish Singh (CTO global da Dell), al\u00e9m de executivos de empresas como Bayer, Bradesco, Natura e Siemens.<\/p>\n\n\n\n<p>Para marcar os tr\u00eas primeiros dias, a programa\u00e7\u00e3o contar\u00e1 ainda com atra\u00e7\u00f5es abertas ao p\u00fablico: no dia 30 de setembro ser\u00e3o oferecidas palestras sobre evolu\u00e7\u00e3o das telecomunica\u00e7\u00f5es e monitoramento clim\u00e1tico, al\u00e9m de um espet\u00e1culo de hipnose c\u00f4mica.<\/p>\n\n\n\n<p>Mais do que uma simples feira de tecnologia, o Futurecom 2025 refor\u00e7a sua voca\u00e7\u00e3o de hub para neg\u00f3cios B2B, fomentando networking entre operadores, empresas de TI, startups, \u00f3rg\u00e3os governamentais e investidores em inova\u00e7\u00e3o.<a href=\"https:\/\/10times.com\/future-com?utm_source=chatgpt.com\">&nbsp;<\/a><\/p>\n\n\n\n<p>Nesse ambiente, as tend\u00eancias ganham palco e se convertem em oportunidades reais: solu\u00e7\u00f5es em automa\u00e7\u00e3o, cidades inteligentes, Internet das Coisas e ecossistemas digitais estar\u00e3o em foco, acompanhadas pelos debates sobre governan\u00e7a, impacto social e a transforma\u00e7\u00e3o das rela\u00e7\u00f5es humanas em um mundo cada vez mais conectado.<\/p>\n\n\n\n<p>Junte-se a n\u00f3s nos dias 30 a 2 de outubro, das 10h \u00e0s 20h no S\u00e3o Paulo Expo.<\/p>\n\n\n\n<p>Endere\u00e7o: Rod. dos Imigrantes 5, S\/N, km. 1, S\u00e3o Paulo, SP, 04329-900<br><\/p>\n","protected":false},"excerpt":{"rendered":"<p>O Futurecom 2025 promete consolidar seu papel de vitrine m\u00e1xima da inova\u00e7\u00e3o, conectividade e transforma\u00e7\u00e3o digital na Am\u00e9rica Latina ao realizar sua 30\u00aa edi\u00e7\u00e3o entre os dias 30 de setembro e 2 de outubro, no S\u00e3o Paulo Expo, em S\u00e3o Paulo. Com expectativa de reunir mais de 300 marcas expositoras e cerca de 30 mil [&hellip;]<\/p>\n","protected":false},"author":4,"featured_media":4859,"comment_status":"open","ping_status":"open","sticky":false,"template":"","format":"standard","meta":{"footnotes":""},"categories":[25],"tags":[],"class_list":{"0":"post-4858","1":"post","2":"type-post","3":"status-publish","4":"format-standard","5":"has-post-thumbnail","7":"category-calendariodeeventos"},"_links":{"self":[{"href":"https:\/\/tveventos.tv.br\/index.php?rest_route=\/wp\/v2\/posts\/4858","targetHints":{"allow":["GET"]}}],"collection":[{"href":"https:\/\/tveventos.tv.br\/index.php?rest_route=\/wp\/v2\/posts"}],"about":[{"href":"https:\/\/tveventos.tv.br\/index.php?rest_route=\/wp\/v2\/types\/post"}],"author":[{"embeddable":true,"href":"https:\/\/tveventos.tv.br\/index.php?rest_route=\/wp\/v2\/users\/4"}],"replies":[{"embeddable":true,"href":"https:\/\/tveventos.tv.br\/index.php?rest_route=%2Fwp%2Fv2%2Fcomments&post=4858"}],"version-history":[{"count":1,"href":"https:\/\/tveventos.tv.br\/index.php?rest_route=\/wp\/v2\/posts\/4858\/revisions"}],"predecessor-version":[{"id":4860,"href":"https:\/\/tveventos.tv.br\/index.php?rest_route=\/wp\/v2\/posts\/4858\/revisions\/4860"}],"wp:featuredmedia":[{"embeddable":true,"href":"https:\/\/tveventos.tv.br\/index.php?rest_route=\/wp\/v2\/media\/4859"}],"wp:attachment":[{"href":"https:\/\/tveventos.tv.br\/index.php?rest_route=%2Fwp%2Fv2%2Fmedia&parent=4858"}],"wp:term":[{"taxonomy":"category","embeddable":true,"href":"https:\/\/tveventos.tv.br\/index.php?rest_route=%2Fwp%2Fv2%2Fcategories&post=4858"},{"taxonomy":"post_tag","embeddable":true,"href":"https:\/\/tveventos.tv.br\/index.php?rest_route=%2Fwp%2Fv2%2Ftags&post=4858"}],"curies":[{"name":"wp","href":"https:\/\/api.w.org\/{rel}","templated":true}]}}