{"id":4861,"date":"2025-09-30T13:19:41","date_gmt":"2025-09-30T16:19:41","guid":{"rendered":"https:\/\/tveventos.tv.br\/?p=4861"},"modified":"2025-09-30T13:19:42","modified_gmt":"2025-09-30T16:19:42","slug":"convecon-2025","status":"publish","type":"post","link":"https:\/\/tveventos.tv.br\/?p=4861","title":{"rendered":"CONVECON 2025"},"content":{"rendered":"\n<p>A 29\u00aa CONVECON ser\u00e1 realizada de 30 de setembro a 2 de outubro de 2025 no Pavilh\u00e3o Amarelo do Expo Center Norte, em S\u00e3o Paulo, e promete reunir centenas de profissionais, estudantes e empresas ligadas \u00e0 contabilidade num ambiente pensado para debater o presente e desenhar o futuro da profiss\u00e3o. A conven\u00e7\u00e3o paulista, considerada uma das mais tradicionais do pa\u00eds, aposta numa programa\u00e7\u00e3o diversificada que mescla pain\u00e9is t\u00e9cnicos, palestras inspiradoras, feira de neg\u00f3cios e momentos de intera\u00e7\u00e3o, com o objetivo de gerar conte\u00fado de alto n\u00edvel e fomentar oportunidades de parcerias.<\/p>\n\n\n\n<p>Entre os temas de destaque estar\u00e3o os impactos da Reforma Tribut\u00e1ria e suas implica\u00e7\u00f5es para os profissionais cont\u00e1beis e para as empresas, a ado\u00e7\u00e3o de tecnologias emergentes como intelig\u00eancia artificial, automa\u00e7\u00e3o de processos, governan\u00e7a e sustentabilidade. Institui\u00e7\u00f5es como o Ibracon participar\u00e3o ativamente dos debates com pain\u00e9is que v\u00e3o analisar os desafios regulat\u00f3rios e as normativas cont\u00e1beis diante de um cen\u00e1rio de constantes transforma\u00e7\u00f5es. No primeiro dia, o p\u00fablico poder\u00e1 assistir \u00e0 palestra com Amyr Klink, que trar\u00e1 reflex\u00f5es sobre resili\u00eancia e estrat\u00e9gia aplicadas ao universo cont\u00e1bil. J\u00e1 no encerramento, o campe\u00e3o ol\u00edmpico C\u00e9sar Cielo conduzir\u00e1 um painel sobre disciplina, foco e desempenho \u2014 temas que se aplicam tanto ao esporte quanto ao mundo dos neg\u00f3cios e da gest\u00e3o profissional.<\/p>\n\n\n\n<p>O evento tamb\u00e9m valoriza a participa\u00e7\u00e3o acad\u00eamica e a produ\u00e7\u00e3o t\u00e9cnica, reservando espa\u00e7o para apresenta\u00e7\u00e3o de trabalhos cient\u00edficos e premia\u00e7\u00f5es aos melhores estudos. Ao longo dos tr\u00eas dias, os expositores da feira de neg\u00f3cios estar\u00e3o \u00e0 disposi\u00e7\u00e3o para demonstrar solu\u00e7\u00f5es cont\u00e1beis, softwares, ferramentas digitais e servi\u00e7os voltados \u00e0 moderniza\u00e7\u00e3o de escrit\u00f3rios e empresas no segmento cont\u00e1bil. A inscri\u00e7\u00e3o inclui acesso completo ao evento, material de apoio, certifica\u00e7\u00e3o compat\u00edvel com o Programa de Educa\u00e7\u00e3o Profissional Continuada (PEPC), e pode ser parcelada em at\u00e9 quatro vezes (ou seis vezes em alguns casos), com valores diferenciados para estudantes cadastrados no CRCSP. Para os interessados, ainda h\u00e1 descontos por lotes e condi\u00e7\u00f5es especiais para inscri\u00e7\u00f5es em grupo.<\/p>\n\n\n\n<p>Mais do que um evento t\u00e9cnico, a CONVECON 2025 se apresenta como um palco de converg\u00eancia para troca de experi\u00eancias, fortalecimento de redes profissionais e inspira\u00e7\u00e3o para que contadores e gestores cont\u00e1beis assumam um papel protagonista diante das mudan\u00e7as fiscais, regulat\u00f3rias e tecnol\u00f3gicas que moldam o mercado.<\/p>\n\n\n\n<p>Junte-se a n\u00f3s nos dias 30 (das 12h \u00e0s 21h) a 2 de outubro (das 9h \u00e0s 19h30) no Expo Center Norte &#8211; Pavilh\u00e3o Amarelo<\/p>\n\n\n\n<p>Endere\u00e7o: Rua Jos\u00e9 Bernardo Pinto 333, S\u00e3o Paulo, SP, 02055-000<br><\/p>\n","protected":false},"excerpt":{"rendered":"<p>A 29\u00aa CONVECON ser\u00e1 realizada de 30 de setembro a 2 de outubro de 2025 no Pavilh\u00e3o Amarelo do Expo Center Norte, em S\u00e3o Paulo, e promete reunir centenas de profissionais, estudantes e empresas ligadas \u00e0 contabilidade num ambiente pensado para debater o presente e desenhar o futuro da profiss\u00e3o. A conven\u00e7\u00e3o paulista, considerada uma [&hellip;]<\/p>\n","protected":false},"author":4,"featured_media":4862,"comment_status":"open","ping_status":"open","sticky":false,"template":"","format":"standard","meta":{"footnotes":""},"categories":[25],"tags":[],"class_list":{"0":"post-4861","1":"post","2":"type-post","3":"status-publish","4":"format-standard","5":"has-post-thumbnail","7":"category-calendariodeeventos"},"_links":{"self":[{"href":"https:\/\/tveventos.tv.br\/index.php?rest_route=\/wp\/v2\/posts\/4861","targetHints":{"allow":["GET"]}}],"collection":[{"href":"https:\/\/tveventos.tv.br\/index.php?rest_route=\/wp\/v2\/posts"}],"about":[{"href":"https:\/\/tveventos.tv.br\/index.php?rest_route=\/wp\/v2\/types\/post"}],"author":[{"embeddable":true,"href":"https:\/\/tveventos.tv.br\/index.php?rest_route=\/wp\/v2\/users\/4"}],"replies":[{"embeddable":true,"href":"https:\/\/tveventos.tv.br\/index.php?rest_route=%2Fwp%2Fv2%2Fcomments&post=4861"}],"version-history":[{"count":1,"href":"https:\/\/tveventos.tv.br\/index.php?rest_route=\/wp\/v2\/posts\/4861\/revisions"}],"predecessor-version":[{"id":4863,"href":"https:\/\/tveventos.tv.br\/index.php?rest_route=\/wp\/v2\/posts\/4861\/revisions\/4863"}],"wp:featuredmedia":[{"embeddable":true,"href":"https:\/\/tveventos.tv.br\/index.php?rest_route=\/wp\/v2\/media\/4862"}],"wp:attachment":[{"href":"https:\/\/tveventos.tv.br\/index.php?rest_route=%2Fwp%2Fv2%2Fmedia&parent=4861"}],"wp:term":[{"taxonomy":"category","embeddable":true,"href":"https:\/\/tveventos.tv.br\/index.php?rest_route=%2Fwp%2Fv2%2Fcategories&post=4861"},{"taxonomy":"post_tag","embeddable":true,"href":"https:\/\/tveventos.tv.br\/index.php?rest_route=%2Fwp%2Fv2%2Ftags&post=4861"}],"curies":[{"name":"wp","href":"https:\/\/api.w.org\/{rel}","templated":true}]}}