{"id":4864,"date":"2025-10-10T15:36:54","date_gmt":"2025-10-10T18:36:54","guid":{"rendered":"https:\/\/tveventos.tv.br\/?p=4864"},"modified":"2025-10-10T15:36:55","modified_gmt":"2025-10-10T18:36:55","slug":"expo-ciee-2025","status":"publish","type":"post","link":"https:\/\/tveventos.tv.br\/?p=4864","title":{"rendered":"EXPO CIEE 2025"},"content":{"rendered":"\n<p>A Expo CIEE 2025 j\u00e1 tem data confirmada: vai rolar nos dias 9, 10 e 11 de outubro, no Pavilh\u00e3o Amarelo do Expo Center Norte, em S\u00e3o Paulo. O evento promete ser uma verdadeira imers\u00e3o em oportunidades, aprendizado e networking para quem est\u00e1 construindo sua trajet\u00f3ria profissional.<\/p>\n\n\n\n<p>Nessa edi\u00e7\u00e3o, o evento volta com for\u00e7a total como a maior feira de trabalho jovem da Am\u00e9rica Latina, reunindo empresas que est\u00e3o contratando, milhares de vagas de est\u00e1gio e aprendizagem, oficinas pr\u00e1ticas, palestras com especialistas e influenciadores, pain\u00e9is interativos e ativa\u00e7\u00f5es que misturam tecnologia, criatividade e orienta\u00e7\u00e3o de carreira. Haver\u00e1 espa\u00e7os tem\u00e1ticos como a Arena Trampo, focada em temas como curr\u00edculo, postura profissional e simula\u00e7\u00e3o de entrevistas, e a Arena Rob\u00f3tica, onde participantes poder\u00e3o montar rob\u00f4s e competir com premia\u00e7\u00f5es di\u00e1rias.<\/p>\n\n\n\n<p>Al\u00e9m disso, estar\u00e3o dispon\u00edveis 50 pontos de atendimento do CIEE para encaminhamento direto \u00e0s vagas, e empresas convidadas realizar\u00e3o processos seletivos dentro do pr\u00f3prio evento. Um dos destaques deste ano \u00e9 o lan\u00e7amento do Pr\u00eamio Estagi\u00e1rio Inovador, que vai premiar projetos estudantis com at\u00e9 R$ 10 mil em recursos educacionais.<\/p>\n\n\n\n<p>A expectativa \u00e9 que o evento atraia dezenas de milhares de jovens em busca da primeira oportunidade ou de avan\u00e7os em suas carreiras, conectando talentos, empresas e institui\u00e7\u00f5es de ensino em um ambiente din\u00e2mico e cheio de energia. Garanta seu lugar: esta \u00e9 a sua chance de estar onde o futuro profissional ser\u00e1 desenhado.<\/p>\n\n\n\n<p>Junte-se a n\u00f3s nos dias 9 a 11 de outubro das 9h \u00e0s 18h no Expo Center Norte (Pavilh\u00e3o Amarelo)<\/p>\n\n\n\n<p>Endere\u00e7o: R. Galatea, 62 &#8211; Carandiru, S\u00e3o Paulo &#8211; SP, 02068-000<\/p>\n","protected":false},"excerpt":{"rendered":"<p>A Expo CIEE 2025 j\u00e1 tem data confirmada: vai rolar nos dias 9, 10 e 11 de outubro, no Pavilh\u00e3o Amarelo do Expo Center Norte, em S\u00e3o Paulo. O evento promete ser uma verdadeira imers\u00e3o em oportunidades, aprendizado e networking para quem est\u00e1 construindo sua trajet\u00f3ria profissional. Nessa edi\u00e7\u00e3o, o evento volta com for\u00e7a total [&hellip;]<\/p>\n","protected":false},"author":4,"featured_media":4866,"comment_status":"open","ping_status":"open","sticky":false,"template":"","format":"standard","meta":{"footnotes":""},"categories":[25],"tags":[],"class_list":{"0":"post-4864","1":"post","2":"type-post","3":"status-publish","4":"format-standard","5":"has-post-thumbnail","7":"category-calendariodeeventos"},"_links":{"self":[{"href":"https:\/\/tveventos.tv.br\/index.php?rest_route=\/wp\/v2\/posts\/4864","targetHints":{"allow":["GET"]}}],"collection":[{"href":"https:\/\/tveventos.tv.br\/index.php?rest_route=\/wp\/v2\/posts"}],"about":[{"href":"https:\/\/tveventos.tv.br\/index.php?rest_route=\/wp\/v2\/types\/post"}],"author":[{"embeddable":true,"href":"https:\/\/tveventos.tv.br\/index.php?rest_route=\/wp\/v2\/users\/4"}],"replies":[{"embeddable":true,"href":"https:\/\/tveventos.tv.br\/index.php?rest_route=%2Fwp%2Fv2%2Fcomments&post=4864"}],"version-history":[{"count":1,"href":"https:\/\/tveventos.tv.br\/index.php?rest_route=\/wp\/v2\/posts\/4864\/revisions"}],"predecessor-version":[{"id":4867,"href":"https:\/\/tveventos.tv.br\/index.php?rest_route=\/wp\/v2\/posts\/4864\/revisions\/4867"}],"wp:featuredmedia":[{"embeddable":true,"href":"https:\/\/tveventos.tv.br\/index.php?rest_route=\/wp\/v2\/media\/4866"}],"wp:attachment":[{"href":"https:\/\/tveventos.tv.br\/index.php?rest_route=%2Fwp%2Fv2%2Fmedia&parent=4864"}],"wp:term":[{"taxonomy":"category","embeddable":true,"href":"https:\/\/tveventos.tv.br\/index.php?rest_route=%2Fwp%2Fv2%2Fcategories&post=4864"},{"taxonomy":"post_tag","embeddable":true,"href":"https:\/\/tveventos.tv.br\/index.php?rest_route=%2Fwp%2Fv2%2Ftags&post=4864"}],"curies":[{"name":"wp","href":"https:\/\/api.w.org\/{rel}","templated":true}]}}