{"id":4872,"date":"2025-10-14T17:54:41","date_gmt":"2025-10-14T20:54:41","guid":{"rendered":"https:\/\/tveventos.tv.br\/?p=4872"},"modified":"2025-10-14T17:54:43","modified_gmt":"2025-10-14T20:54:43","slug":"fe25","status":"publish","type":"post","link":"https:\/\/tveventos.tv.br\/?p=4872","title":{"rendered":"FE25"},"content":{"rendered":"\n<p>A Feira do Empreendedor 2025, promovida pelo Sebrae, promete ser um dos maiores encontros de neg\u00f3cios do pa\u00eds, reunindo inova\u00e7\u00e3o, capacita\u00e7\u00e3o e oportunidades para quem quer abrir, expandir ou fortalecer seu pr\u00f3prio empreendimento. O evento acontece de 15 a 18 de outubro, no S\u00e3o Paulo Expo, das 10h \u00e0s 20h, com entrada gratuita e formato h\u00edbrido, permitindo participa\u00e7\u00e3o tanto presencial quanto online.<\/p>\n\n\n\n<p>Com expectativa de receber mais de 110 mil visitantes e movimentar cerca de 45 milh\u00f5es de reais em neg\u00f3cios, a feira contar\u00e1 com mais de 1.200 estandes, reunindo expositores de diversos setores. Empresas de pequeno, m\u00e9dio e grande porte ter\u00e3o espa\u00e7o para apresentar seus produtos e servi\u00e7os, enquanto empreendedores e futuros empres\u00e1rios poder\u00e3o fazer networking, buscar parcerias e conhecer novas tend\u00eancias de mercado.<\/p>\n\n\n\n<p>O tema deste ano ser\u00e1 \u201cIntelig\u00eancia Empreendedora\u201d, refletindo o compromisso do Sebrae em oferecer conhecimento estrat\u00e9gico e pr\u00e1tico para cada perfil de empreendedor. A programa\u00e7\u00e3o inclui palestras inspiradoras com especialistas do mercado, workshops, oficinas, rodadas de neg\u00f3cios e consultorias gratuitas nas \u00e1reas de marketing, finan\u00e7as, inova\u00e7\u00e3o, exporta\u00e7\u00e3o e sustentabilidade.<\/p>\n\n\n\n<p>A feira tamb\u00e9m contar\u00e1 com espa\u00e7os dedicados aos microempreendedores individuais, com atividades voltadas para gest\u00e3o, criatividade e inova\u00e7\u00e3o. A Prefeitura de S\u00e3o Paulo participar\u00e1 com uma \u00e1rea especial destinada a artes\u00e3os e afroempreendedores vinculados aos programas M\u00e3os e Mentes Paulistanas e SP Afroempreendedor, promovendo a economia criativa e o empreendedorismo local.<\/p>\n\n\n\n<p>Durante os quatro dias de evento, o p\u00fablico poder\u00e1 visitar ambientes tem\u00e1ticos e esta\u00e7\u00f5es de atendimento do Sebrae, onde especialistas oferecer\u00e3o orienta\u00e7\u00f5es sobre formaliza\u00e7\u00e3o, planejamento estrat\u00e9gico, cr\u00e9dito e solu\u00e7\u00f5es tecnol\u00f3gicas. Al\u00e9m disso, a feira ser\u00e1 uma grande vitrine para novos neg\u00f3cios e startups, estimulando conex\u00f5es e parcerias que podem gerar crescimento e fortalecimento para o ecossistema empreendedor.<\/p>\n\n\n\n<p>A Feira do Empreendedor 2025 refor\u00e7a o papel do Sebrae como refer\u00eancia no fomento \u00e0 inova\u00e7\u00e3o e ao desenvolvimento dos pequenos neg\u00f3cios no Brasil, transformando ideias em oportunidades e impulsionando o empreendedorismo como for\u00e7a essencial para o futuro econ\u00f4mico do pa\u00eds.<\/p>\n\n\n\n<p>Junte-se a n\u00f3s nos dias 15 a 18 de outubro no S\u00e3o Paulo Expo, das 10h \u00e0s 20h<\/p>\n\n\n\n<p>Endere\u00e7o: Rod. dos Imigrantes 5, S\/N, km. 1, S\u00e3o Paulo, SP, 04329-900<\/p>\n","protected":false},"excerpt":{"rendered":"<p>A Feira do Empreendedor 2025, promovida pelo Sebrae, promete ser um dos maiores encontros de neg\u00f3cios do pa\u00eds, reunindo inova\u00e7\u00e3o, capacita\u00e7\u00e3o e oportunidades para quem quer abrir, expandir ou fortalecer seu pr\u00f3prio empreendimento. O evento acontece de 15 a 18 de outubro, no S\u00e3o Paulo Expo, das 10h \u00e0s 20h, com entrada gratuita e formato [&hellip;]<\/p>\n","protected":false},"author":4,"featured_media":4873,"comment_status":"open","ping_status":"open","sticky":false,"template":"","format":"standard","meta":{"footnotes":""},"categories":[25],"tags":[],"class_list":{"0":"post-4872","1":"post","2":"type-post","3":"status-publish","4":"format-standard","5":"has-post-thumbnail","7":"category-calendariodeeventos"},"_links":{"self":[{"href":"https:\/\/tveventos.tv.br\/index.php?rest_route=\/wp\/v2\/posts\/4872","targetHints":{"allow":["GET"]}}],"collection":[{"href":"https:\/\/tveventos.tv.br\/index.php?rest_route=\/wp\/v2\/posts"}],"about":[{"href":"https:\/\/tveventos.tv.br\/index.php?rest_route=\/wp\/v2\/types\/post"}],"author":[{"embeddable":true,"href":"https:\/\/tveventos.tv.br\/index.php?rest_route=\/wp\/v2\/users\/4"}],"replies":[{"embeddable":true,"href":"https:\/\/tveventos.tv.br\/index.php?rest_route=%2Fwp%2Fv2%2Fcomments&post=4872"}],"version-history":[{"count":1,"href":"https:\/\/tveventos.tv.br\/index.php?rest_route=\/wp\/v2\/posts\/4872\/revisions"}],"predecessor-version":[{"id":4874,"href":"https:\/\/tveventos.tv.br\/index.php?rest_route=\/wp\/v2\/posts\/4872\/revisions\/4874"}],"wp:featuredmedia":[{"embeddable":true,"href":"https:\/\/tveventos.tv.br\/index.php?rest_route=\/wp\/v2\/media\/4873"}],"wp:attachment":[{"href":"https:\/\/tveventos.tv.br\/index.php?rest_route=%2Fwp%2Fv2%2Fmedia&parent=4872"}],"wp:term":[{"taxonomy":"category","embeddable":true,"href":"https:\/\/tveventos.tv.br\/index.php?rest_route=%2Fwp%2Fv2%2Fcategories&post=4872"},{"taxonomy":"post_tag","embeddable":true,"href":"https:\/\/tveventos.tv.br\/index.php?rest_route=%2Fwp%2Fv2%2Ftags&post=4872"}],"curies":[{"name":"wp","href":"https:\/\/api.w.org\/{rel}","templated":true}]}}