{"id":4877,"date":"2025-10-23T14:02:10","date_gmt":"2025-10-23T17:02:10","guid":{"rendered":"https:\/\/tveventos.tv.br\/?p=4877"},"modified":"2025-10-23T14:02:13","modified_gmt":"2025-10-23T17:02:13","slug":"superminas-food-show","status":"publish","type":"post","link":"https:\/\/tveventos.tv.br\/?p=4877","title":{"rendered":"SUPERMINAS FOOD SHOW"},"content":{"rendered":"\n<p>A edi\u00e7\u00e3o de 2025 da Superminas Food Show, o 37\u00ba Congresso e Feira Supermercadista e da Panifica\u00e7\u00e3o, promete movimentar o setor varejista e de alimentos em todo o pa\u00eds. O evento acontecer\u00e1 nos dias 21, 22 e 23 de outubro, no Expominas, em Belo Horizonte, reunindo empres\u00e1rios, profissionais, empreendedores e marcas de todos os segmentos ligados \u00e0 alimenta\u00e7\u00e3o, supermercados e panifica\u00e7\u00e3o. Em sua trajet\u00f3ria de quatro d\u00e9cadas, a feira se consolidou como um dos maiores e mais importantes encontros do setor na Am\u00e9rica Latina, sendo reconhecida pela for\u00e7a de seus neg\u00f3cios, pela diversidade de expositores e pela ampla programa\u00e7\u00e3o de capacita\u00e7\u00e3o.<\/p>\n\n\n\n<p>Durante os tr\u00eas dias, o p\u00fablico encontrar\u00e1 uma estrutura moderna e completa, com mais de 500 expositores apresentando as principais inova\u00e7\u00f5es, tecnologias, equipamentos, produtos e solu\u00e7\u00f5es voltadas para o varejo aliment\u00edcio. S\u00e3o empresas nacionais e internacionais que aproveitam o evento para lan\u00e7ar tend\u00eancias, apresentar novidades e estabelecer parcerias estrat\u00e9gicas. Al\u00e9m de ser uma vitrine de produtos, a Superminas Food Show \u00e9 um ponto de encontro entre ind\u00fastria e varejo, onde as oportunidades de neg\u00f3cios e o interc\u00e2mbio de conhecimento se tornam o foco principal.<\/p>\n\n\n\n<p>A programa\u00e7\u00e3o de 2025 incluir\u00e1 uma s\u00e9rie de palestras, pain\u00e9is t\u00e9cnicos e congressos tem\u00e1ticos com especialistas e nomes de refer\u00eancia no mercado. Os debates abordar\u00e3o temas essenciais para o futuro do setor, como transforma\u00e7\u00e3o digital, automa\u00e7\u00e3o e intelig\u00eancia artificial no varejo, comportamento do consumidor, sustentabilidade, efici\u00eancia energ\u00e9tica, log\u00edstica, panifica\u00e7\u00e3o artesanal e industrial, tend\u00eancias de consumo e gest\u00e3o de neg\u00f3cios. O objetivo \u00e9 oferecer ao visitante n\u00e3o apenas um ambiente de exposi\u00e7\u00e3o, mas tamb\u00e9m um espa\u00e7o de aprendizado e troca de experi\u00eancias.<\/p>\n\n\n\n<p>Os hor\u00e1rios do evento foram pensados para facilitar a participa\u00e7\u00e3o dos profissionais. As atividades de congresso come\u00e7am pela manh\u00e3, por volta das 9h, e seguem at\u00e9 o in\u00edcio da tarde, enquanto a feira de neg\u00f3cios funcionar\u00e1 das 14h \u00e0s 21h, proporcionando tempo suficiente para visitas, reuni\u00f5es e contatos comerciais. A expectativa \u00e9 de que milhares de visitantes de todas as regi\u00f5es do pa\u00eds passem pelo Expominas, gerando volume expressivo de neg\u00f3cios e ampliando a visibilidade das marcas participantes.<\/p>\n\n\n\n<p>Outro destaque da edi\u00e7\u00e3o de 2025 \u00e9 a comemora\u00e7\u00e3o dos 40 anos do evento, um marco importante que refor\u00e7a a tradi\u00e7\u00e3o e a relev\u00e2ncia da Superminas Food Show. A feira promete oferecer experi\u00eancias \u00fanicas aos visitantes, com espa\u00e7os interativos, demonstra\u00e7\u00f5es ao vivo, degusta\u00e7\u00f5es, apresenta\u00e7\u00f5es de produtos, \u00e1reas dedicadas \u00e0 inova\u00e7\u00e3o e ambientes voltados \u00e0 conex\u00e3o entre expositores e compradores. A proposta \u00e9 unir conte\u00fado, pr\u00e1tica e relacionamento em um mesmo ambiente, proporcionando uma imers\u00e3o completa no universo supermercadista e da panifica\u00e7\u00e3o.<\/p>\n\n\n\n<p>Realizada pela Associa\u00e7\u00e3o Mineira de Supermercados (AMIS) em parceria com entidades do setor, a Superminas Food Show 2025 deve refor\u00e7ar o protagonismo de Minas Gerais como um dos grandes polos de neg\u00f3cios do varejo alimentar brasileiro. O Expominas, local do evento, oferece excelente infraestrutura, amplo estacionamento, f\u00e1cil acesso e uma rede hoteleira preparada para receber visitantes de todo o pa\u00eds.<\/p>\n\n\n\n<p>Participar da Superminas Food Show \u00e9 estar em sintonia com as principais tend\u00eancias e oportunidades do mercado. Mais do que uma feira, o evento \u00e9 um ponto de encontro de conhecimento, inova\u00e7\u00e3o e empreendedorismo. A edi\u00e7\u00e3o de 2025 promete ser a maior e mais completa j\u00e1 realizada, reafirmando o compromisso de conectar pessoas, ideias e solu\u00e7\u00f5es que movimentam e transformam o setor supermercadista e da panifica\u00e7\u00e3o no Brasil.<\/p>\n\n\n\n<p>Junte-se a n\u00f3s nos dias 21 a 23 de outubro das 9h \u00e0s 21h no Expominas<\/p>\n\n\n\n<p>Endere\u00e7o: Av. Amazonas, 6200 &#8211; Gameleira, Belo Horizonte &#8211; MG, 30510-000<\/p>\n","protected":false},"excerpt":{"rendered":"<p>A edi\u00e7\u00e3o de 2025 da Superminas Food Show, o 37\u00ba Congresso e Feira Supermercadista e da Panifica\u00e7\u00e3o, promete movimentar o setor varejista e de alimentos em todo o pa\u00eds. O evento acontecer\u00e1 nos dias 21, 22 e 23 de outubro, no Expominas, em Belo Horizonte, reunindo empres\u00e1rios, profissionais, empreendedores e marcas de todos os segmentos [&hellip;]<\/p>\n","protected":false},"author":4,"featured_media":4878,"comment_status":"open","ping_status":"open","sticky":false,"template":"","format":"standard","meta":{"footnotes":""},"categories":[25],"tags":[],"class_list":{"0":"post-4877","1":"post","2":"type-post","3":"status-publish","4":"format-standard","5":"has-post-thumbnail","7":"category-calendariodeeventos"},"_links":{"self":[{"href":"https:\/\/tveventos.tv.br\/index.php?rest_route=\/wp\/v2\/posts\/4877","targetHints":{"allow":["GET"]}}],"collection":[{"href":"https:\/\/tveventos.tv.br\/index.php?rest_route=\/wp\/v2\/posts"}],"about":[{"href":"https:\/\/tveventos.tv.br\/index.php?rest_route=\/wp\/v2\/types\/post"}],"author":[{"embeddable":true,"href":"https:\/\/tveventos.tv.br\/index.php?rest_route=\/wp\/v2\/users\/4"}],"replies":[{"embeddable":true,"href":"https:\/\/tveventos.tv.br\/index.php?rest_route=%2Fwp%2Fv2%2Fcomments&post=4877"}],"version-history":[{"count":1,"href":"https:\/\/tveventos.tv.br\/index.php?rest_route=\/wp\/v2\/posts\/4877\/revisions"}],"predecessor-version":[{"id":4879,"href":"https:\/\/tveventos.tv.br\/index.php?rest_route=\/wp\/v2\/posts\/4877\/revisions\/4879"}],"wp:featuredmedia":[{"embeddable":true,"href":"https:\/\/tveventos.tv.br\/index.php?rest_route=\/wp\/v2\/media\/4878"}],"wp:attachment":[{"href":"https:\/\/tveventos.tv.br\/index.php?rest_route=%2Fwp%2Fv2%2Fmedia&parent=4877"}],"wp:term":[{"taxonomy":"category","embeddable":true,"href":"https:\/\/tveventos.tv.br\/index.php?rest_route=%2Fwp%2Fv2%2Fcategories&post=4877"},{"taxonomy":"post_tag","embeddable":true,"href":"https:\/\/tveventos.tv.br\/index.php?rest_route=%2Fwp%2Fv2%2Ftags&post=4877"}],"curies":[{"name":"wp","href":"https:\/\/api.w.org\/{rel}","templated":true}]}}