{"id":4888,"date":"2025-11-06T15:04:34","date_gmt":"2025-11-06T18:04:34","guid":{"rendered":"https:\/\/tveventos.tv.br\/?p=4888"},"modified":"2025-11-06T15:04:37","modified_gmt":"2025-11-06T18:04:37","slug":"construlev-expo","status":"publish","type":"post","link":"https:\/\/tveventos.tv.br\/?p=4888","title":{"rendered":"CONSTRULEV EXPO"},"content":{"rendered":"\n<p>A Construlev Expo 2025 ser\u00e1 realizada entre os dias 4 e 6 de novembro no S\u00e3o Paulo Expo, em S\u00e3o Paulo, e promete ser um dos maiores encontros da constru\u00e7\u00e3o leve, industrializada e sustent\u00e1vel do pa\u00eds. O evento reunir\u00e1 profissionais de arquitetura, engenharia, constru\u00e7\u00e3o, distribui\u00e7\u00e3o e ind\u00fastria para apresentar as principais tend\u00eancias, tecnologias e solu\u00e7\u00f5es que est\u00e3o transformando o modo de construir no Brasil.<\/p>\n\n\n\n<p>Organizada pela Associa\u00e7\u00e3o Brasileira de Constru\u00e7\u00e3o Leve e Sustent\u00e1vel, a Construlev Expo foi criada para fortalecer e difundir os m\u00e9todos construtivos modernos que unem efici\u00eancia, economia e responsabilidade ambiental. A feira ser\u00e1 um grande ponto de encontro para quem atua com drywall, steel frame, wood frame, constru\u00e7\u00e3o modular e demais sistemas industrializados, que hoje se destacam por reduzir prazos, otimizar recursos e diminuir o impacto ambiental das obras.<\/p>\n\n\n\n<p>Durante os tr\u00eas dias de evento, os visitantes poder\u00e3o conhecer uma ampla variedade de produtos, equipamentos, materiais e tecnologias voltadas para a constru\u00e7\u00e3o leve e sustent\u00e1vel. A \u00e1rea de exposi\u00e7\u00e3o reunir\u00e1 empresas nacionais e internacionais que trar\u00e3o inova\u00e7\u00f5es em estrutura, isolamento, revestimentos, automa\u00e7\u00e3o e solu\u00e7\u00f5es inteligentes para projetos residenciais, comerciais e industriais. Al\u00e9m disso, a programa\u00e7\u00e3o contar\u00e1 com palestras, pain\u00e9is e f\u00f3runs de conte\u00fado t\u00e9cnico, conduzidos por especialistas que abordar\u00e3o temas como sustentabilidade, efici\u00eancia energ\u00e9tica, produtividade, industrializa\u00e7\u00e3o da constru\u00e7\u00e3o, inova\u00e7\u00e3o tecnol\u00f3gica e o futuro das edifica\u00e7\u00f5es no Brasil.<\/p>\n\n\n\n<p>O evento funcionar\u00e1 das 10h \u00e0s 19h e ocupar\u00e1 todo o pavilh\u00e3o do S\u00e3o Paulo Expo, que oferece ampla infraestrutura, estacionamento, climatiza\u00e7\u00e3o e f\u00e1cil acesso pela Rodovia dos Imigrantes e pela esta\u00e7\u00e3o Jabaquara do metr\u00f4. A expectativa \u00e9 receber milhares de visitantes vindos de todas as regi\u00f5es do pa\u00eds, incluindo profissionais da constru\u00e7\u00e3o civil, investidores, empres\u00e1rios, estudantes e representantes de entidades do setor.<\/p>\n\n\n\n<p>A Construlev Expo 2025 tamb\u00e9m ser\u00e1 um ambiente prop\u00edcio para neg\u00f3cios e networking. Fornecedores, fabricantes, distribuidores e construtoras ter\u00e3o a oportunidade de apresentar produtos, negociar parcerias e expandir sua rede de contatos. O evento refor\u00e7a a import\u00e2ncia da moderniza\u00e7\u00e3o da constru\u00e7\u00e3o civil e o papel crescente dos sistemas industrializados na cria\u00e7\u00e3o de obras mais r\u00e1pidas, sustent\u00e1veis e com melhor desempenho t\u00e9cnico.<\/p>\n\n\n\n<p>Com foco em inova\u00e7\u00e3o, produtividade e sustentabilidade, a Construlev Expo 2025 chega para consolidar-se como a principal feira brasileira voltada \u00e0 constru\u00e7\u00e3o leve. O evento destaca a for\u00e7a de um setor em plena expans\u00e3o e reafirma o compromisso com o futuro da constru\u00e7\u00e3o civil, em um momento em que o pa\u00eds busca solu\u00e7\u00f5es mais inteligentes e eficientes para edificar com qualidade e responsabilidade ambiental.<\/p>\n\n\n\n<p>junte-se a n\u00f3s nos dias 4 A 6 de novembro das 10h \u00e0s 19h no S\u00e3o Paulo Expo<\/p>\n\n\n\n<p>\u00a0Endere\u00e7o: Rod. dos Imigrantes 5, S\/N, km. 1, S\u00e3o Paulo, SP, 04329-900<\/p>\n","protected":false},"excerpt":{"rendered":"<p>A Construlev Expo 2025 ser\u00e1 realizada entre os dias 4 e 6 de novembro no S\u00e3o Paulo Expo, em S\u00e3o Paulo, e promete ser um dos maiores encontros da constru\u00e7\u00e3o leve, industrializada e sustent\u00e1vel do pa\u00eds. O evento reunir\u00e1 profissionais de arquitetura, engenharia, constru\u00e7\u00e3o, distribui\u00e7\u00e3o e ind\u00fastria para apresentar as principais tend\u00eancias, tecnologias e solu\u00e7\u00f5es [&hellip;]<\/p>\n","protected":false},"author":4,"featured_media":4890,"comment_status":"open","ping_status":"open","sticky":false,"template":"","format":"standard","meta":{"footnotes":""},"categories":[25],"tags":[],"class_list":{"0":"post-4888","1":"post","2":"type-post","3":"status-publish","4":"format-standard","5":"has-post-thumbnail","7":"category-calendariodeeventos"},"_links":{"self":[{"href":"https:\/\/tveventos.tv.br\/index.php?rest_route=\/wp\/v2\/posts\/4888","targetHints":{"allow":["GET"]}}],"collection":[{"href":"https:\/\/tveventos.tv.br\/index.php?rest_route=\/wp\/v2\/posts"}],"about":[{"href":"https:\/\/tveventos.tv.br\/index.php?rest_route=\/wp\/v2\/types\/post"}],"author":[{"embeddable":true,"href":"https:\/\/tveventos.tv.br\/index.php?rest_route=\/wp\/v2\/users\/4"}],"replies":[{"embeddable":true,"href":"https:\/\/tveventos.tv.br\/index.php?rest_route=%2Fwp%2Fv2%2Fcomments&post=4888"}],"version-history":[{"count":1,"href":"https:\/\/tveventos.tv.br\/index.php?rest_route=\/wp\/v2\/posts\/4888\/revisions"}],"predecessor-version":[{"id":4891,"href":"https:\/\/tveventos.tv.br\/index.php?rest_route=\/wp\/v2\/posts\/4888\/revisions\/4891"}],"wp:featuredmedia":[{"embeddable":true,"href":"https:\/\/tveventos.tv.br\/index.php?rest_route=\/wp\/v2\/media\/4890"}],"wp:attachment":[{"href":"https:\/\/tveventos.tv.br\/index.php?rest_route=%2Fwp%2Fv2%2Fmedia&parent=4888"}],"wp:term":[{"taxonomy":"category","embeddable":true,"href":"https:\/\/tveventos.tv.br\/index.php?rest_route=%2Fwp%2Fv2%2Fcategories&post=4888"},{"taxonomy":"post_tag","embeddable":true,"href":"https:\/\/tveventos.tv.br\/index.php?rest_route=%2Fwp%2Fv2%2Ftags&post=4888"}],"curies":[{"name":"wp","href":"https:\/\/api.w.org\/{rel}","templated":true}]}}