{"id":4892,"date":"2025-11-06T15:13:56","date_gmt":"2025-11-06T18:13:56","guid":{"rendered":"https:\/\/tveventos.tv.br\/?p=4892"},"modified":"2025-11-06T15:13:57","modified_gmt":"2025-11-06T18:13:57","slug":"reatech-2","status":"publish","type":"post","link":"https:\/\/tveventos.tv.br\/?p=4892","title":{"rendered":"REATECH"},"content":{"rendered":"\n<p>A edi\u00e7\u00e3o de 2025 da Expo Brasil Paral\u00edmpico + Reatech ser\u00e1 realizada entre os dias 6 e 8 de novembro no S\u00e3o Paulo Expo, em S\u00e3o Paulo, das 10h \u00e0s 19h. A combina\u00e7\u00e3o do evento re\u00fane a Reatech sua 20\u00aa edi\u00e7\u00e3o voltada \u00e0 inclus\u00e3o, acessibilidade e reabilita\u00e7\u00e3o, com a segunda edi\u00e7\u00e3o da Expo Brasil Paral\u00edmpico que destaca o esporte paral\u00edmpico, a inova\u00e7\u00e3o assistiva e o protagonismo das pessoas com defici\u00eancia.<\/p>\n\n\n\n<p>Durante os tr\u00eas dias, os visitantes encontrar\u00e3o uma ampla \u00e1rea de exposi\u00e7\u00e3o com empresas, institui\u00e7\u00f5es, startups, organiza\u00e7\u00f5es sociais e \u00f3rg\u00e3os governamentais que exibir\u00e3o tecnologias assistivas, solu\u00e7\u00f5es em reabilita\u00e7\u00e3o, equipamentos adaptados, pr\u00f3teses, \u00f3rteses, ve\u00edculos acess\u00edveis, servi\u00e7os de turismo inclusivo e oportunidades de emprego voltadas \u00e0s pessoas com defici\u00eancia. A programa\u00e7\u00e3o contar\u00e1 tamb\u00e9m com congressos e pain\u00e9is que abordar\u00e3o temas como acessibilidade universal, inclus\u00e3o no esporte, inova\u00e7\u00f5es tecnol\u00f3gicas para autonomia, pol\u00edtica p\u00fablica, empregabilidade e desenvolvimento social.<\/p>\n\n\n\n<p>Na parte esportiva da Expo Brasil Paral\u00edmpico, o p\u00fablico poder\u00e1 participar ou assistir a viv\u00eancias em diversas modalidades paral\u00edmpicas, como basquete em cadeira de rodas, r\u00fagbi, bocha, t\u00eanis de mesa adaptado, paraesgrima, futebol de cegos, goalball, v\u00f4lei sentado, halterofilismo e escalada adaptada, al\u00e9m de conhecer esportes emergentes como paradan\u00e7a, futsal down e parakarat\u00ea, que ajudam a ampliar o universo do paradesporto no pa\u00eds. Tamb\u00e9m estar\u00e3o presentes atletas medalhistas, demonstra\u00e7\u00f5es ao vivo, desafios interativos e atividades que envolvem o p\u00fablico com defici\u00eancia ou n\u00e3o, estimulando o protagonismo, a conscientiza\u00e7\u00e3o e a troca de experi\u00eancias.<\/p>\n\n\n\n<p>O espa\u00e7o assume car\u00e1ter de vitrine e de experi\u00eancia, unindo neg\u00f3cios, conhecimento t\u00e9cnico, inova\u00e7\u00e3o e viv\u00eancia social. Haver\u00e1 oportunidades de networking entre fabricantes, distribuidores, institui\u00e7\u00f5es de pesquisa, entidades do terceiro setor, \u00f3rg\u00e3os p\u00fablicos, atletas, treinadores e p\u00fablicos diversos. Para fam\u00edlias e pessoas com defici\u00eancia, o evento proporciona um ambiente seguro, estruturado e acolhedor, com acessibilidade plena, oficinas tem\u00e1ticas, ambientes interativos e atra\u00e7\u00f5es voltadas \u00e0 participa\u00e7\u00e3o ativa.<\/p>\n\n\n\n<p>Ao trazer juntos Reatech e Expo Brasil Paral\u00edmpico, o evento refor\u00e7a a converg\u00eancia entre sa\u00fade, reabilita\u00e7\u00e3o, tecnologia e esporte. Ele confirma o compromisso com a constru\u00e7\u00e3o de uma sociedade mais inclusiva, promovendo visibilidade a pessoas com defici\u00eancia, valorizando sua autonomia, fomentando o desenvolvimento de solu\u00e7\u00f5es acess\u00edveis e estimulando novos mercados, servi\u00e7os e pol\u00edticas de inclus\u00e3o. Trata-se de uma plataforma estrat\u00e9gica para a inova\u00e7\u00e3o social e tecnol\u00f3gica no Brasil.<\/p>\n\n\n\n<p>A edi\u00e7\u00e3o 2025 da Expo Brasil Paral\u00edmpico + Reatech representa, portanto, uma oportunidade singular para profissionais, empresas, pessoas com defici\u00eancia e p\u00fablico em geral se conectar com as tend\u00eancias da inclus\u00e3o, da acessibilidade e do esporte adaptado, alinhando-se a uma agenda de transforma\u00e7\u00e3o social e de constru\u00e7\u00e3o de novas possibilidades.<\/p>\n\n\n\n<p>junte-se a n\u00f3s nos dias 6 e 8 de novembro no S\u00e3o Paulo Expo<\/p>\n\n\n\n<p>Endere\u00e7o: Rod. dos Imigrantes 5, S\/N, km. 1, S\u00e3o Paulo, SP, 04329-900<br><\/p>\n","protected":false},"excerpt":{"rendered":"<p>A edi\u00e7\u00e3o de 2025 da Expo Brasil Paral\u00edmpico + Reatech ser\u00e1 realizada entre os dias 6 e 8 de novembro no S\u00e3o Paulo Expo, em S\u00e3o Paulo, das 10h \u00e0s 19h. A combina\u00e7\u00e3o do evento re\u00fane a Reatech sua 20\u00aa edi\u00e7\u00e3o voltada \u00e0 inclus\u00e3o, acessibilidade e reabilita\u00e7\u00e3o, com a segunda edi\u00e7\u00e3o da Expo Brasil Paral\u00edmpico [&hellip;]<\/p>\n","protected":false},"author":4,"featured_media":4893,"comment_status":"open","ping_status":"open","sticky":false,"template":"","format":"standard","meta":{"footnotes":""},"categories":[25],"tags":[],"class_list":{"0":"post-4892","1":"post","2":"type-post","3":"status-publish","4":"format-standard","5":"has-post-thumbnail","7":"category-calendariodeeventos"},"_links":{"self":[{"href":"https:\/\/tveventos.tv.br\/index.php?rest_route=\/wp\/v2\/posts\/4892","targetHints":{"allow":["GET"]}}],"collection":[{"href":"https:\/\/tveventos.tv.br\/index.php?rest_route=\/wp\/v2\/posts"}],"about":[{"href":"https:\/\/tveventos.tv.br\/index.php?rest_route=\/wp\/v2\/types\/post"}],"author":[{"embeddable":true,"href":"https:\/\/tveventos.tv.br\/index.php?rest_route=\/wp\/v2\/users\/4"}],"replies":[{"embeddable":true,"href":"https:\/\/tveventos.tv.br\/index.php?rest_route=%2Fwp%2Fv2%2Fcomments&post=4892"}],"version-history":[{"count":1,"href":"https:\/\/tveventos.tv.br\/index.php?rest_route=\/wp\/v2\/posts\/4892\/revisions"}],"predecessor-version":[{"id":4894,"href":"https:\/\/tveventos.tv.br\/index.php?rest_route=\/wp\/v2\/posts\/4892\/revisions\/4894"}],"wp:featuredmedia":[{"embeddable":true,"href":"https:\/\/tveventos.tv.br\/index.php?rest_route=\/wp\/v2\/media\/4893"}],"wp:attachment":[{"href":"https:\/\/tveventos.tv.br\/index.php?rest_route=%2Fwp%2Fv2%2Fmedia&parent=4892"}],"wp:term":[{"taxonomy":"category","embeddable":true,"href":"https:\/\/tveventos.tv.br\/index.php?rest_route=%2Fwp%2Fv2%2Fcategories&post=4892"},{"taxonomy":"post_tag","embeddable":true,"href":"https:\/\/tveventos.tv.br\/index.php?rest_route=%2Fwp%2Fv2%2Ftags&post=4892"}],"curies":[{"name":"wp","href":"https:\/\/api.w.org\/{rel}","templated":true}]}}