{"id":490,"date":"2023-11-13T11:06:46","date_gmt":"2023-11-13T14:06:46","guid":{"rendered":"https:\/\/tveventos.tv.br\/?p=490"},"modified":"2023-11-13T11:20:34","modified_gmt":"2023-11-13T14:20:34","slug":"5a-edicao-do-global-summit-apm-sera-palco-do-congresso-abcis-2023","status":"publish","type":"post","link":"https:\/\/tveventos.tv.br\/?p=490","title":{"rendered":"5\u00aa Edi\u00e7\u00e3o do Global Summit APM ser\u00e1 palco do Congresso ABCIS 2023"},"content":{"rendered":"\n<p>A&nbsp;<a href=\"https:\/\/globalsummit.org.br\/\" target=\"_blank\" rel=\"noreferrer noopener\">5\u00aa edi\u00e7\u00e3o do Global Summit Telemedicine &amp; Digital Health APM<\/a>, al\u00e9m de ter uma programa\u00e7\u00e3o cient\u00edfica rica e de alto n\u00edvel, gerar oportunidades de neg\u00f3cios e de&nbsp;<em>networking<\/em>, tamb\u00e9m ser\u00e1 palco para a realiza\u00e7\u00e3o do Congresso&nbsp;<a href=\"https:\/\/abcis.org.br\/\" target=\"_blank\" rel=\"noreferrer noopener\">ABCIS<\/a>&nbsp;\u2013 Associa\u00e7\u00e3o Brasileira CIO Sa\u00fade 2023.<\/p>\n\n\n\n<p>O evento ocorrer\u00e1 durante os tr\u00eas dias do GS APM 2023, de 20 a 22 de novembro, no Centro de Conven\u00e7\u00f5es Frei Caneca, em S\u00e3o Paulo, e ter\u00e1 como tema central \u201cA Tecnologia como Principal Alavanca de Transforma\u00e7\u00e3o da Sa\u00fade\u201d.<\/p>\n\n\n\n<p>Vitor Ferreira, presidente da ABCIS, explica que desde a funda\u00e7\u00e3o da institui\u00e7\u00e3o, em 2008, promove o interc\u00e2mbio de conhecimento e pr\u00e1ticas em Tecnologias da Informa\u00e7\u00e3o (TI) na Sa\u00fade, sendo um agente ativo de transforma\u00e7\u00e3o digital para a melhoria do setor em todo o territ\u00f3rio brasileiro.<\/p>\n\n\n\n<p>\u201cIntegramos gestores de TI em Sa\u00fade, promovendo programas de treinamento e educa\u00e7\u00e3o, especializa\u00e7\u00f5es e certifica\u00e7\u00f5es. Formamos alian\u00e7as estrat\u00e9gicas com importantes associa\u00e7\u00f5es da Sa\u00fade para ampliar a representa\u00e7\u00e3o de temas de tecnologia em discuss\u00f5es no setor. Exatamente como estamos fazendo com a parceria com o Global Summit e com a&nbsp;<a href=\"https:\/\/www.apm.org.br\/\" target=\"_blank\" rel=\"noreferrer noopener\">Associa\u00e7\u00e3o Paulista de Medicina (APM)<\/a>, sua realizadora\u201d, afirma.<\/p>\n\n\n\n<p>O&nbsp;<em>know-how<\/em>&nbsp;e o valor que a marca j\u00e1 estabelecida do GSAPM possui como o mais relevante evento de Telemedicina e Sa\u00fade Digital da Am\u00e9rica Latina foram decisivos para que a ABCIS optasse por realizar seu congresso no evento.<\/p>\n\n\n\n<p>\u201cO legado das palestras dos eventos anteriores, todo o conhecimento difundido fez com que elev\u00e1ssemos a expectativa para a realiza\u00e7\u00e3o do nosso congresso no Global Summit APM. Al\u00e9m disso, estar ao lado de uma entidade como a APM \u00e9 certeza de chancela de credibilidade para o nosso trabalho. Acredito que essa parceria estrat\u00e9gica ser\u00e1 um marco para a hist\u00f3ria da ABCIS, e espero que ela perdure pelos pr\u00f3ximos anos\u201d, ressalta Ferreira.<\/p>\n\n\n\n<p>Eixos tem\u00e1ticos<\/p>\n\n\n\n<p>A programa\u00e7\u00e3o do Congresso ABCIS 2023 est\u00e1 dividida em tr\u00eas eixos tem\u00e1ticos:<\/p>\n\n\n\n<ul class=\"wp-block-list\">\n<li>Transforma\u00e7\u00e3o Digital, no primeiro dia (20\/11);<\/li>\n\n\n\n<li>Interoperabilidade e ciberseguran\u00e7a, em 21\/11; e<\/li>\n\n\n\n<li>Data Lake, Intelig\u00eancia Artificial (IA) e governan\u00e7a, no \u00faltimo dia (22\/11).<\/li>\n<\/ul>\n\n\n\n<p>A defini\u00e7\u00e3o por esses assuntos deve-se, de acordo com o presidente da entidade, ao fato deles serem temas sens\u00edveis, que norteiam diariamente as a\u00e7\u00f5es dos executivos e gestores de TI na transforma\u00e7\u00e3o da Sa\u00fade do Pa\u00eds, e devido \u00e0 demanda por novas tecnologias ser crescente, intensa e infinita.<\/p>\n\n\n\n<p>A <strong>ABCIS <\/strong>tamb\u00e9m vai divulgar durante seu evento o resultado parcial do \u00cdndice Nacional de Maturidade Tecnol\u00f3gica (INMAT) dos Hospitais Brasileiros. Far\u00e1 o lan\u00e7amento do primeiro Observat\u00f3rio de TI nos Hospitais Brasileiros e do Novo Manual para o Gestor de TI dos Hospitais. Tamb\u00e9m vai realizar o\u00a0<em>Showcase<\/em>\u00a0de Interoperabilidade na Sa\u00fade Digital.<\/p>\n\n\n\n<p>\u201cS\u00e3o quatro marcos importantes para os gestores e profissionais de TI que est\u00e3o diariamente sustentando o avan\u00e7o das tecnologias na Sa\u00fade, capazes de ampliar o acesso, reduzir a desigualdade, apoiar e qualificar os atendimentos que a popula\u00e7\u00e3o tanto necessita\u201d, destaca Ferreira.<\/p>\n\n\n\n<p><strong>Participa\u00e7\u00e3o no Global Summit APM 2023<\/strong><\/p>\n\n\n\n<p>O presidente da ABCIS tamb\u00e9m ir\u00e1 participar da programa\u00e7\u00e3o cient\u00edfica do GS APM 2023. Ele estar\u00e1 no Painel Nacional \u201cDesafios da Sa\u00fade Digital\u201d e far\u00e1 a palestra \u201cSa\u00fade Digital: Avalia\u00e7\u00e3o da Maturidade Tecnol\u00f3gica de Hospitais: contexto e certifica\u00e7\u00e3o\u201d.<\/p>\n\n\n\n<p>Ferreira explica que a sa\u00fade enfrenta um chamado urgente para se adaptar \u00e0 transforma\u00e7\u00e3o digital. Para os hospitais brasileiros, essa adapta\u00e7\u00e3o vai al\u00e9m da simples incorpora\u00e7\u00e3o de novas tecnologias. Trata-se de uma revis\u00e3o profunda das opera\u00e7\u00f5es.<\/p>\n\n\n\n<p>Segundo a ABCIS, dos cerca de 7,2 mil hospitais brasileiros, apenas aproximadamente 400 possuem certifica\u00e7\u00f5es para acelerar a jornada de transforma\u00e7\u00e3o digital. Ou seja, muitos desejam essa mudan\u00e7a, mas n\u00e3o sabem como iniciar essa jornada.<\/p>\n\n\n\n<p>Diante deste cen\u00e1rio e pela transforma\u00e7\u00e3o digital ser um conceito muito amplo, a entidade dividiu o assunto em dez temas e para cada um criou uma certifica\u00e7\u00e3o para avaliar a maturidade tecnol\u00f3gica dos hospitais.<\/p>\n\n\n\n<p>\u201cO intuito \u00e9 buscar a ader\u00eancia de muitos hospitais, j\u00e1 que, diferentemente das acredita\u00e7\u00f5es internacionais, que precisam de muito investimento, nesta certifica\u00e7\u00e3o o estabelecimento n\u00e3o paga para participar. Nem, tampouco, exige muitos requisitos para aderir. Cada hospital define em qual dos dez temas quer se aprofundar de acordo com suas necessidades, para melhor estruturar sua maturidade tecnol\u00f3gica\u201d, argumenta.<\/p>\n\n\n\n<p>Para Ferreira, este debate \u00e9 fundamental, pois o importante \u00e9 garantir que os hospitais brasileiros tenham o trip\u00e9 pessoas, processos e tecnologias alinhado para conseguirem construir projetos robustos de transforma\u00e7\u00e3o digital.<\/p>\n\n\n\n<p>\u201c\u00c9 preciso garantir que o hospital tenha pessoas qualificadas e bem treinadas para executar bem os processos e saber definir qual tecnologia vai ser utilizada de forma inteligente. Quando se consegue equilibrar esses tr\u00eas pilares, a institui\u00e7\u00e3o de Sa\u00fade come\u00e7a a evoluir no que a gente chama de transforma\u00e7\u00e3o digital\u201d, afirma.<\/p>\n\n\n\n<p>Confira a programa\u00e7\u00e3o do&nbsp;<a href=\"https:\/\/apm.iweventos.com.br\/evento\/globalsummit2023\/programacao\/lista\" target=\"_blank\" rel=\"noreferrer noopener\">Global Summit APM 2023<\/a>&nbsp;e inscreva-se agora,&nbsp;<a href=\"https:\/\/globalsummit.org.br\/inscreva-se\/\" target=\"_blank\" rel=\"noreferrer noopener\">AQUI<\/a>!<\/p>\n\n\n\n<p><strong>Sobre o Global Summit Telemedicine &amp; Digital Health APM<\/strong><\/p>\n\n\n\n<p>Maior e mais relevante evento de Telemedicina e Sa\u00fade Digital da Am\u00e9rica Latina, com tr\u00eas dias de dura\u00e7\u00e3o, o Global Summit APM, uma iniciativa da<a href=\"https:\/\/www.apm.org.br\/\" target=\"_blank\" rel=\"noreferrer noopener\">&nbsp;Associa\u00e7\u00e3o Paulista de Medicina (APM)<\/a>, re\u00fane especialistas internacionais e nacionais para debater as tend\u00eancias que est\u00e3o transformando o mundo da Sa\u00fade.<\/p>\n\n\n\n<p>A programa\u00e7\u00e3o, focada em conte\u00fado, experi\u00eancias e neg\u00f3cios, inclui temas em Telemedicina e Sa\u00fade Digital de interesse para m\u00e9dicos, profissionais, institui\u00e7\u00f5es e entidades de Sa\u00fade, ind\u00fastria, academia e governo, entre outros.&nbsp;<\/p>\n\n\n\n<p><strong>Sobre a Associa\u00e7\u00e3o Paulista de Medicina<\/strong><\/p>\n\n\n\n<p>Representante dos m\u00e9dicos desde 1930, a&nbsp;<a href=\"https:\/\/www.apm.org.br\/\" target=\"_blank\" rel=\"noreferrer noopener\">Associa\u00e7\u00e3o Paulista de Medicina<\/a>&nbsp;est\u00e1&nbsp;presente em todo o estado de S\u00e3o Paulo por meio de suas 76 Regionais. Al\u00e9m de&nbsp;contribuir com a elabora\u00e7\u00e3o das pol\u00edticas de Sa\u00fade e qualifica\u00e7\u00e3o da&nbsp;assist\u00eancia m\u00e9dica, a APM luta para valorizar o m\u00e9dico nos sistemas p\u00fablico e&nbsp;privado de sa\u00fade.&nbsp;<\/p>\n\n\n\n<p>Promove diversas atividades de educa\u00e7\u00e3o m\u00e9dica continuada, como eventos cient\u00edficos e o<a href=\"https:\/\/iesapm.org.br\/\" target=\"_blank\" rel=\"noreferrer noopener\">&nbsp;Instituto de Ensino Superior da APM (IESAPM)<\/a>,&nbsp;e oferece servi\u00e7os e benef\u00edcios aos associados e sociedade, incluindo o&nbsp;<a href=\"https:\/\/www.residencialapm.com.br\/\" target=\"_blank\" rel=\"noreferrer noopener\">Residencial APM<\/a>&nbsp;e o&nbsp;<a href=\"https:\/\/hotelfazendaapm.com.br\/\" target=\"_blank\" rel=\"noreferrer noopener\">Hotel Fazenda APM<\/a>.<\/p>\n","protected":false},"excerpt":{"rendered":"<p>A&nbsp;5\u00aa edi\u00e7\u00e3o do Global Summit Telemedicine &amp; Digital Health APM, al\u00e9m de ter uma programa\u00e7\u00e3o cient\u00edfica rica e de alto n\u00edvel, gerar oportunidades de neg\u00f3cios e de&nbsp;networking, tamb\u00e9m ser\u00e1 palco para a realiza\u00e7\u00e3o do Congresso&nbsp;ABCIS&nbsp;\u2013 Associa\u00e7\u00e3o Brasileira CIO Sa\u00fade 2023. O evento ocorrer\u00e1 durante os tr\u00eas dias do GS APM 2023, de 20 a 22 [&hellip;]<\/p>\n","protected":false},"author":2,"featured_media":491,"comment_status":"open","ping_status":"open","sticky":false,"template":"","format":"standard","meta":{"footnotes":""},"categories":[23],"tags":[],"class_list":{"0":"post-490","1":"post","2":"type-post","3":"status-publish","4":"format-standard","5":"has-post-thumbnail","7":"category-feirasdenegocios"},"_links":{"self":[{"href":"https:\/\/tveventos.tv.br\/index.php?rest_route=\/wp\/v2\/posts\/490","targetHints":{"allow":["GET"]}}],"collection":[{"href":"https:\/\/tveventos.tv.br\/index.php?rest_route=\/wp\/v2\/posts"}],"about":[{"href":"https:\/\/tveventos.tv.br\/index.php?rest_route=\/wp\/v2\/types\/post"}],"author":[{"embeddable":true,"href":"https:\/\/tveventos.tv.br\/index.php?rest_route=\/wp\/v2\/users\/2"}],"replies":[{"embeddable":true,"href":"https:\/\/tveventos.tv.br\/index.php?rest_route=%2Fwp%2Fv2%2Fcomments&post=490"}],"version-history":[{"count":2,"href":"https:\/\/tveventos.tv.br\/index.php?rest_route=\/wp\/v2\/posts\/490\/revisions"}],"predecessor-version":[{"id":496,"href":"https:\/\/tveventos.tv.br\/index.php?rest_route=\/wp\/v2\/posts\/490\/revisions\/496"}],"wp:featuredmedia":[{"embeddable":true,"href":"https:\/\/tveventos.tv.br\/index.php?rest_route=\/wp\/v2\/media\/491"}],"wp:attachment":[{"href":"https:\/\/tveventos.tv.br\/index.php?rest_route=%2Fwp%2Fv2%2Fmedia&parent=490"}],"wp:term":[{"taxonomy":"category","embeddable":true,"href":"https:\/\/tveventos.tv.br\/index.php?rest_route=%2Fwp%2Fv2%2Fcategories&post=490"},{"taxonomy":"post_tag","embeddable":true,"href":"https:\/\/tveventos.tv.br\/index.php?rest_route=%2Fwp%2Fv2%2Ftags&post=490"}],"curies":[{"name":"wp","href":"https:\/\/api.w.org\/{rel}","templated":true}]}}