{"id":4901,"date":"2025-12-05T16:13:16","date_gmt":"2025-12-05T19:13:16","guid":{"rendered":"https:\/\/tveventos.tv.br\/?p=4901"},"modified":"2025-12-05T16:13:18","modified_gmt":"2025-12-05T19:13:18","slug":"com-mais-de-350-eventos-realizados-anualmente-em-22-paises-rx-impulsiona-a-economia-global","status":"publish","type":"post","link":"https:\/\/tveventos.tv.br\/?p=4901","title":{"rendered":"Com mais de 350 eventos realizados anualmente em 22 pa\u00edses, RX impulsiona a economia global"},"content":{"rendered":"\n<p><em>No Brasil, a organizadora tem importantes feiras em seu portf\u00f3lio, como Feicon, Automec, Fenatran e Sal\u00e3o do Autom\u00f3vel, que est\u00e1 de volta ap\u00f3s sete anos<\/em><\/p>\n\n\n\n<p>Nos \u00faltimos dias, um dos eventos mais emblem\u00e1ticos do pa\u00eds voltou ao cen\u00e1rio nacional com grande for\u00e7a. Organizado pela RX, o Sal\u00e3o do Autom\u00f3vel reafirmou sua tradi\u00e7\u00e3o como refer\u00eancia do setor automotivo, reunindo um p\u00fablico fiel com o mesmo entusiasmo de sempre e conquistando as novas gera\u00e7\u00f5es com experi\u00eancias imersivas e tend\u00eancias do mercado. Com atra\u00e7\u00f5es in\u00e9ditas, o evento recebeu <strong>700 mil visitantes<\/strong> no pavilh\u00e3o ao longo dos nove dias de programa\u00e7\u00e3o.<\/p>\n\n\n\n<p>Em sua 31\u00aa edi\u00e7\u00e3o, o SDA se consolidou mais uma vez como um dos destaques de um ecossistema global composto por mais de 350 eventos, de 43 setores, realizados em 22 pa\u00edses pela RX.<\/p>\n\n\n\n<p>&#8220;A RX conta com um extenso portf\u00f3lio de feiras e confer\u00eancias para os mercados B2B e B2C, que apresentam inova\u00e7\u00f5es e movimentam diversas \u00e1reas da economia global, como agroneg\u00f3cio, arquitetura e decora\u00e7\u00e3o, energia, seguran\u00e7a, telecomunica\u00e7\u00f5es, entretenimento, entre outras&#8221;, explica Claudio Della Nina, Diretor-geral LATAM da RX.<\/p>\n\n\n\n<p>Ao redor do mundo, o portf\u00f3lio da organizadora segue se destacando por gerar neg\u00f3cios, conex\u00f5es e novos empregos. Nos Estados Unidos, por exemplo, s\u00e3o realizados eventos como New York Comic Con (cultura pop), BookCon (literatura e cultura pop), ITS (transporte), G2E (games), ISC (seguran\u00e7a), National Hardware Show (hardware, ferramentas e equipamentos para o lar), entre outros.<\/p>\n\n\n\n<p>Presente tamb\u00e9m na Europa, a RX promove no continente feiras como a MCM Comic Con London (cultura pop) e a WTM London (turismo), no Reino Unido, MAPIC (varejo) e Paris Photo (fotografia), na Fran\u00e7a, e a Mostra Convegno Expocomfort (climatiza\u00e7\u00e3o, tratamento de \u00e1gua, automa\u00e7\u00e3o e integra\u00e7\u00e3o de sistemas, tecnologias de instala\u00e7\u00f5es e inova\u00e7\u00e3o e energia), na It\u00e1lia.<\/p>\n\n\n\n<p>&#8220;S\u00e3o eventos que, por vezes, se conectam, impulsionam o turismo local e oferecem oportunidades \u00fanicas para o desenvolvimento de empresas, produtos e rela\u00e7\u00f5es. Hoje, as feiras organizadas pela RX em todo o mundo geram um impacto positivo para a sociedade e refletem as \u00faltimas tend\u00eancias econ\u00f4micas e comerciais. O que acontece nos pavilh\u00f5es define o futuro de diversos mercados e das companhias que est\u00e3o ligadas a eles&#8221;, conclui Della Nina.<\/p>\n","protected":false},"excerpt":{"rendered":"<p>No Brasil, a organizadora tem importantes feiras em seu portf\u00f3lio, como Feicon, Automec, Fenatran e Sal\u00e3o do Autom\u00f3vel, que est\u00e1 de volta ap\u00f3s sete anos Nos \u00faltimos dias, um dos eventos mais emblem\u00e1ticos do pa\u00eds voltou ao cen\u00e1rio nacional com grande for\u00e7a. Organizado pela RX, o Sal\u00e3o do Autom\u00f3vel reafirmou sua tradi\u00e7\u00e3o como refer\u00eancia do [&hellip;]<\/p>\n","protected":false},"author":3,"featured_media":4902,"comment_status":"open","ping_status":"open","sticky":false,"template":"","format":"standard","meta":{"footnotes":""},"categories":[23],"tags":[],"class_list":{"0":"post-4901","1":"post","2":"type-post","3":"status-publish","4":"format-standard","5":"has-post-thumbnail","7":"category-feirasdenegocios"},"_links":{"self":[{"href":"https:\/\/tveventos.tv.br\/index.php?rest_route=\/wp\/v2\/posts\/4901","targetHints":{"allow":["GET"]}}],"collection":[{"href":"https:\/\/tveventos.tv.br\/index.php?rest_route=\/wp\/v2\/posts"}],"about":[{"href":"https:\/\/tveventos.tv.br\/index.php?rest_route=\/wp\/v2\/types\/post"}],"author":[{"embeddable":true,"href":"https:\/\/tveventos.tv.br\/index.php?rest_route=\/wp\/v2\/users\/3"}],"replies":[{"embeddable":true,"href":"https:\/\/tveventos.tv.br\/index.php?rest_route=%2Fwp%2Fv2%2Fcomments&post=4901"}],"version-history":[{"count":1,"href":"https:\/\/tveventos.tv.br\/index.php?rest_route=\/wp\/v2\/posts\/4901\/revisions"}],"predecessor-version":[{"id":4903,"href":"https:\/\/tveventos.tv.br\/index.php?rest_route=\/wp\/v2\/posts\/4901\/revisions\/4903"}],"wp:featuredmedia":[{"embeddable":true,"href":"https:\/\/tveventos.tv.br\/index.php?rest_route=\/wp\/v2\/media\/4902"}],"wp:attachment":[{"href":"https:\/\/tveventos.tv.br\/index.php?rest_route=%2Fwp%2Fv2%2Fmedia&parent=4901"}],"wp:term":[{"taxonomy":"category","embeddable":true,"href":"https:\/\/tveventos.tv.br\/index.php?rest_route=%2Fwp%2Fv2%2Fcategories&post=4901"},{"taxonomy":"post_tag","embeddable":true,"href":"https:\/\/tveventos.tv.br\/index.php?rest_route=%2Fwp%2Fv2%2Ftags&post=4901"}],"curies":[{"name":"wp","href":"https:\/\/api.w.org\/{rel}","templated":true}]}}