{"id":500,"date":"2023-11-16T10:47:21","date_gmt":"2023-11-16T13:47:21","guid":{"rendered":"https:\/\/tveventos.tv.br\/?p=500"},"modified":"2023-11-16T10:47:23","modified_gmt":"2023-11-16T13:47:23","slug":"chro-forum-2023-3a-edicao-do-evento-discutira-o-cenario-da-gestao-de-pessoas-ate-2030","status":"publish","type":"post","link":"https:\/\/tveventos.tv.br\/?p=500","title":{"rendered":"CHRO F\u00f3rum 2023: 3\u00aa edi\u00e7\u00e3o do evento discutir\u00e1 o cen\u00e1rio da gest\u00e3o de pessoas at\u00e9 2030"},"content":{"rendered":"\n<p>A Associa\u00e7\u00e3o Brasileira de Recursos Humanos (<a href=\"https:\/\/abrhsp.org.br\/\" target=\"_blank\" rel=\"noreferrer noopener\">ABRH-SP<\/a>) anuncia a 3\u00aa edi\u00e7\u00e3o do&nbsp;<a href=\"https:\/\/chroforum.com.br\/\" target=\"_blank\" rel=\"noreferrer noopener\">CHRO F\u00f3rum<\/a>, que ser\u00e1 realizada dia 23 de novembro no Hotel Pullman, na Vila Ol\u00edmpia, em S\u00e3o Paulo. O evento \u00e9 dedicado aos l\u00edderes de Recursos Humanos, C-levels, executivos e gestores que desejam se manter atualizados sobre as tend\u00eancias e inova\u00e7\u00f5es do mercado.<\/p>\n\n\n\n<p>Com o tema&nbsp;<strong>&#8220;CHRO 2030: At\u00e9 o que n\u00e3o muda, ir\u00e1 mudar&#8221;<\/strong>, o evento abordar\u00e1 quest\u00f5es essenciais, como an\u00e1lise de dados, bem-estar, diversidade, inclus\u00e3o &#8211; impactando a forma como as empresas recrutam, treinam e ret\u00eam talentos &#8211; e o uso estrat\u00e9gico da automa\u00e7\u00e3o e da Intelig\u00eancia Artificial nos processos di\u00e1rios.<\/p>\n\n\n\n<p>De acordo com a recente pesquisa global do Institute for Business Value (IBM), \u2018<a href=\"https:\/\/www.ibm.com\/thought-leadership\/institute-business-value\/en-us\/c-suite-study\/ceo\" target=\"_blank\" rel=\"noreferrer noopener\">CEO decision making in the age of AI, Act with intention<\/a>\u2019,&nbsp;<strong>75% dos CEOs acreditam que no futuro, o sucesso de um neg\u00f3cio ir\u00e1 depender do&nbsp;<\/strong><strong><em>knowhow&nbsp;<\/em><\/strong><strong>dentro de todas as vertentes da Intelig\u00eancia Artificial.<\/strong><\/p>\n\n\n\n<p>&#8220;O CHRO F\u00f3rum vem se consolidando como um dos principais eventos para lideran\u00e7as de RH do pa\u00eds. Estamos muito satisfeitos com a qualidade da curadoria desta edi\u00e7\u00e3o, que est\u00e1 conectada com as principais tend\u00eancias em gest\u00e3o de pessoas e discuss\u00e3o global sobre o futuro do trabalho.&#8221;, afirma Luiz Eduardo Drouet, Presidente da ABRH-SP.<\/p>\n\n\n\n<p>O evento contar\u00e1 com a participa\u00e7\u00e3o de palestrantes altamente relevantes e renomados, incluindo presen\u00e7as internacionais, como&nbsp;<strong>Michelle Slater, Diretora de Marketing da Indeed<\/strong>, e&nbsp;<strong>Riaz Shah, OBE, Professor de Pr\u00e1tica para Inova\u00e7\u00e3o e Lideran\u00e7a na Hult EF Corporate Education<\/strong>. Al\u00e9m disso, l\u00edderes de grandes corpora\u00e7\u00f5es nacionais tamb\u00e9m estar\u00e3o presentes, como F\u00e1bio Barbosa (Natura&amp;Co), Carla Melhado (Mutant), Flavia Pontes (Grupo Petz), e Carlos Brito (Nutrien Solu\u00e7\u00f5es Agr\u00edcolas).<\/p>\n\n\n\n<p>\u201cNesta edi\u00e7\u00e3o do evento, queremos promover um debate para preparar os executivos de Recursos Humanos para os pr\u00f3ximos sete anos, ou seja, para atuarem at\u00e9 2030\u201d, afirma Felipe Calbucci, diretor consultivo da ABRH-SP, membro do Comit\u00ea de Conte\u00fado do CHRO F\u00f3rum e Diretor de Vendas do Indeed.<\/p>\n\n\n\n<p>A programa\u00e7\u00e3o do CHRO F\u00f3rum promete ser repleta de discuss\u00f5es e t\u00f3picos de relev\u00e2ncia. A seguir, confira como ser\u00e1 dividido o evento:<\/p>\n\n\n\n<p><strong>Manh\u00e3<\/strong><\/p>\n\n\n\n<p><strong>09h30 &#8211;&nbsp;<\/strong>Palestra Magna<em>&nbsp;&#8220;Shaping the Future of Hiring: Unleashing AI\u2019s Potential in the World of Work&#8221;<\/em>&nbsp;com Michelle Slater (Indeed).<\/p>\n\n\n\n<p><strong>10h20 &#8211;&nbsp;<\/strong>Painel: &#8220;O que n\u00e3o muda no RH? Ser\u00e1? Perspectivas de CTO\u2019s e CHRO\u2019s para impulsionar a inova\u00e7\u00e3o&#8221; com Alex Julian (Kora Sa\u00fade), Michelle Ishi (Santander) e Amanda Graciano, moderado por Renato Amendola (Mutant\/ABRH-SP<\/p>\n\n\n\n<p><strong>11h30 &#8211;&nbsp;<\/strong>Painel:<strong>&nbsp;\u201c<\/strong>Qual \u00e9 o design organizacional para o futuro?<strong>\u201d&nbsp;<\/strong>com Fabio Barbosa (Natura&amp;Co), Carla Melhado (Mutant) e Kwami Alfama Correo (Fellipelli\/Espa\u00e7o Y) | Modera\u00e7\u00e3o: Marcelo Orticelli (Insper).<\/p>\n\n\n\n<p><strong>Tarde&nbsp;<\/strong><\/p>\n\n\n\n<p><strong><em>14h25&nbsp;<\/em><\/strong>&#8211; Palestra Magna:&nbsp;<em>&#8220;Leadership and Innovation in an Organization of the Future&#8221;<\/em>&nbsp;com Riaz Shah (Hult EF Corporate Education).<\/p>\n\n\n\n<p><strong>15h15 &#8211;&nbsp;<\/strong>Painel:&nbsp;&#8220;Diversidade e Inclus\u00e3o: Impulsionando a Experi\u00eancia do Colaborador e Experi\u00eancia do Cliente&#8221;&nbsp;com Edson Paix\u00e3o (Medison Pharma), Lucied Manduca (Vale) e Fl\u00e1via Porto (Reckitt)<\/p>\n\n\n\n<p><strong>16h40 &#8211;&nbsp;<\/strong>Painel: &#8220;Carreira do CHRO: Cheguei, e agora?&#8221; com Flavia Pontes (Grupo Petz), Carlos Brito (Nutrien Solu\u00e7\u00f5es Agr\u00edcolas) e Soraya Bahde (Alelo\/ABRH-SP), moderado por Rodrigo Dib (CIEE)<\/p>\n\n\n\n<p><strong>17h30 &#8211;&nbsp;<\/strong>Talk: \u201cA\u00e7\u00f5es pr\u00e1ticas para o futuro\u201d com Felipe Calbucci (Indeed\/ABRH-SP)<\/p>\n\n\n\n<p><strong>18h00&nbsp;<\/strong>&#8211; Encerramento.<\/p>\n\n\n\n<p>Compartilhando dos mesmos princ\u00edpios, o CHRO F\u00f3rum conta com o apoio de grandes patrocinadores. Entre eles, est\u00e3o Insper, Alelo, CIEE, Indeed, Impacta, John Deere, John Richard, Santander, Somapay e Hult \/ EF, que aspiram inova\u00e7\u00e3o e excel\u00eancia na gest\u00e3o de pessoas, assim como a ABRH-SP.<\/p>\n\n\n\n<p><strong>Informa\u00e7\u00f5es sobre o CHRO 2023<\/strong><\/p>\n\n\n\n<p><strong>Data:<\/strong>&nbsp;23 de novembro de 2023<\/p>\n\n\n\n<p><strong>Hor\u00e1rio<\/strong>: Das 08h00 \u00e0s 18h30.<\/p>\n\n\n\n<p><strong>Valores:&nbsp;<\/strong>R$500,00 &#8211; R$750,00<\/p>\n\n\n\n<p><strong>Local:&nbsp;<\/strong>Hotel Pullman, R. Olimp\u00edadas, 205 \u2013 Vila Ol\u00edmpia, S\u00e3o Paulo \u2013 SP<\/p>\n\n\n\n<p>Para mais informa\u00e7\u00f5es sobre ingressos e programa\u00e7\u00e3o, acesse o site oficial do evento:&nbsp;<a href=\"https:\/\/chroforum.com.br\/\" target=\"_blank\" rel=\"noreferrer noopener\">https:\/\/chroforum.com.br\/<\/a>&nbsp;<\/p>\n","protected":false},"excerpt":{"rendered":"<p>A Associa\u00e7\u00e3o Brasileira de Recursos Humanos (ABRH-SP) anuncia a 3\u00aa edi\u00e7\u00e3o do&nbsp;CHRO F\u00f3rum, que ser\u00e1 realizada dia 23 de novembro no Hotel Pullman, na Vila Ol\u00edmpia, em S\u00e3o Paulo. O evento \u00e9 dedicado aos l\u00edderes de Recursos Humanos, C-levels, executivos e gestores que desejam se manter atualizados sobre as tend\u00eancias e inova\u00e7\u00f5es do mercado. Com [&hellip;]<\/p>\n","protected":false},"author":2,"featured_media":501,"comment_status":"open","ping_status":"open","sticky":false,"template":"","format":"standard","meta":{"footnotes":""},"categories":[1],"tags":[],"class_list":{"0":"post-500","1":"post","2":"type-post","3":"status-publish","4":"format-standard","5":"has-post-thumbnail","7":"category-workshopsepalestras"},"_links":{"self":[{"href":"https:\/\/tveventos.tv.br\/index.php?rest_route=\/wp\/v2\/posts\/500","targetHints":{"allow":["GET"]}}],"collection":[{"href":"https:\/\/tveventos.tv.br\/index.php?rest_route=\/wp\/v2\/posts"}],"about":[{"href":"https:\/\/tveventos.tv.br\/index.php?rest_route=\/wp\/v2\/types\/post"}],"author":[{"embeddable":true,"href":"https:\/\/tveventos.tv.br\/index.php?rest_route=\/wp\/v2\/users\/2"}],"replies":[{"embeddable":true,"href":"https:\/\/tveventos.tv.br\/index.php?rest_route=%2Fwp%2Fv2%2Fcomments&post=500"}],"version-history":[{"count":1,"href":"https:\/\/tveventos.tv.br\/index.php?rest_route=\/wp\/v2\/posts\/500\/revisions"}],"predecessor-version":[{"id":502,"href":"https:\/\/tveventos.tv.br\/index.php?rest_route=\/wp\/v2\/posts\/500\/revisions\/502"}],"wp:featuredmedia":[{"embeddable":true,"href":"https:\/\/tveventos.tv.br\/index.php?rest_route=\/wp\/v2\/media\/501"}],"wp:attachment":[{"href":"https:\/\/tveventos.tv.br\/index.php?rest_route=%2Fwp%2Fv2%2Fmedia&parent=500"}],"wp:term":[{"taxonomy":"category","embeddable":true,"href":"https:\/\/tveventos.tv.br\/index.php?rest_route=%2Fwp%2Fv2%2Fcategories&post=500"},{"taxonomy":"post_tag","embeddable":true,"href":"https:\/\/tveventos.tv.br\/index.php?rest_route=%2Fwp%2Fv2%2Ftags&post=500"}],"curies":[{"name":"wp","href":"https:\/\/api.w.org\/{rel}","templated":true}]}}